
			
				

					
				

			
		{"items":"\n\t\t\t\t\t\t\t\t\t\t\t\t\t\t<link rel=\"stylesheet\" id=\"wd-post-types-mod-categories-style-bg-css\" href=\"https:\/\/binbirgecemasallari.com\/wp-content\/themes\/woodmart\/css\/parts\/post-types-mod-categories-style-bg.min.css?ver=8.2.7\" type=\"text\/css\" media=\"all\" \/> \t\t\t\n<article id=\"post-4128\" class=\"wd-post blog-design-masonry blog-post-loop blog-style-bg wd-add-shadow wd-col post-4128 post type-post status-publish format-standard has-post-thumbnail hentry category-isme-ozel-masallar category-2-yas-masallari category-3-yas-masallari category-4-yas-masallari category-5-yas-masallari category-6-yas-masallari category-7-yas-masallari category-fantastik-masallar category-uyku-masallari tag-cocuk-masallari tag-doga-masallari tag-isme-ozel-masal tag-kardes-hikayesi tag-kardes-masali tag-masal-dinle tag-masal-oku tag-uyku-masallari\">\n\t<div class=\"wd-post-inner article-inner\">\n\t\t\t\t\t<div class=\"wd-post-thumb entry-header\">\n\t\t\t\t\t\t\t\t\t<div class=\"wd-post-img post-img-wrapp\">\n\t\t\t\t\t\t<img width=\"1024\" height=\"1024\" src=\"https:\/\/binbirgecemasallari.com\/wp-content\/themes\/woodmart\/images\/lazy.svg\" class=\"attachment-large size-large\" alt=\"Masal oku Mesut Alp ve Burak\u2019\u0131n Sihirli Okul Yolculu\u011fu\" decoding=\"async\" srcset=\"\" sizes=\"(max-width: 1024px) 100vw, 1024px\" data-src=\"https:\/\/binbirgecemasallari.com\/wp-content\/uploads\/2024\/09\/masal-oku-Mesut-Alp-ve-Burakin-Sihirli-Okul-Yolculugu.webp\" data-srcset=\"https:\/\/binbirgecemasallari.com\/wp-content\/uploads\/2024\/09\/masal-oku-Mesut-Alp-ve-Burakin-Sihirli-Okul-Yolculugu.webp 1024w, https:\/\/binbirgecemasallari.com\/wp-content\/uploads\/2024\/09\/masal-oku-Mesut-Alp-ve-Burakin-Sihirli-Okul-Yolculugu-300x300.webp 300w, https:\/\/binbirgecemasallari.com\/wp-content\/uploads\/2024\/09\/masal-oku-Mesut-Alp-ve-Burakin-Sihirli-Okul-Yolculugu-150x150.webp 150w, https:\/\/binbirgecemasallari.com\/wp-content\/uploads\/2024\/09\/masal-oku-Mesut-Alp-ve-Burakin-Sihirli-Okul-Yolculugu-768x768.webp 768w, https:\/\/binbirgecemasallari.com\/wp-content\/uploads\/2024\/09\/masal-oku-Mesut-Alp-ve-Burakin-Sihirli-Okul-Yolculugu-600x600.webp 600w\" \/>\t\t\t\t\t<\/div>\n\t\t\t\t\t<a class=\"wd-fill\" href=\"https:\/\/binbirgecemasallari.com\/masal-oku-mesut-alp-ve-burakin-sihirli-okul-yolculugu\/\"><\/a>\n\t\t\t\t\n\t\t\t\t\t\t\t\t\t\t\t\t<link rel=\"stylesheet\" id=\"wd-post-types-mod-date-style-bg-css\" href=\"https:\/\/binbirgecemasallari.com\/wp-content\/themes\/woodmart\/css\/parts\/post-types-mod-date-style-bg.min.css?ver=8.2.7\" type=\"text\/css\" media=\"all\" \/> \t\t\t\t\t\t<div class=\"wd-post-date wd-style-with-bg\">\n\t\t\t\t<span class=\"post-date-day\">\n\t\t\t\t\t19\t\t\t\t<\/span>\n\t\t\t\t<span class=\"post-date-month\">\n\t\t\t\t\tEyl\t\t\t\t<\/span>\n\t\t\t<\/div>\n\t\t\t\t\t\t\t\t\t<\/div>\n\t\t\n\t\t<div class=\"wd-post-content article-body-container\">\n\t\t\t\t\t\t\t<div class=\"wd-post-cat wd-style-with-bg meta-post-categories\">\n\t\t\t\t\t<a href=\"https:\/\/binbirgecemasallari.com\/category\/isme-ozel-masallar\/\" rel=\"category tag\">\u0130sme \u00d6zel Masallar<\/a>, <a href=\"https:\/\/binbirgecemasallari.com\/category\/2-yas-masallari\/\" rel=\"category tag\">2 Ya\u015f Masallar\u0131<\/a>, <a href=\"https:\/\/binbirgecemasallari.com\/category\/3-yas-masallari\/\" rel=\"category tag\">3 Ya\u015f Masallar\u0131<\/a>, <a href=\"https:\/\/binbirgecemasallari.com\/category\/4-yas-masallari\/\" rel=\"category tag\">4 Ya\u015f Masallar\u0131<\/a>, <a href=\"https:\/\/binbirgecemasallari.com\/category\/5-yas-masallari\/\" rel=\"category tag\">5 Ya\u015f Masallar\u0131<\/a>, <a href=\"https:\/\/binbirgecemasallari.com\/category\/6-yas-masallari\/\" rel=\"category tag\">6 Ya\u015f Masallar\u0131<\/a>, <a href=\"https:\/\/binbirgecemasallari.com\/category\/7-yas-masallari\/\" rel=\"category tag\">7 Ya\u015f Masallar\u0131<\/a>, <a href=\"https:\/\/binbirgecemasallari.com\/category\/fantastik-masallar\/\" rel=\"category tag\">Fantastik Masallar<\/a>, <a href=\"https:\/\/binbirgecemasallari.com\/category\/uyku-masallari\/\" rel=\"category tag\">Uyku Masallar\u0131<\/a>\t\t\t\t<\/div>\n\t\t\t\n\t\t\t\t\t\t\t<h3 class=\"wd-post-title wd-entities-title title post-title\">\n\t\t\t\t\t<a href=\"https:\/\/binbirgecemasallari.com\/masal-oku-mesut-alp-ve-burakin-sihirli-okul-yolculugu\/\" rel=\"bookmark\">Mesut Alp ve Burak\u2019\u0131n Sihirli Okul Yolculu\u011fu<\/a>\n\t\t\t\t<\/h3>\n\t\t\t\n\t\t\t\t\t\t\t<div class=\"wd-post-meta\">\n\t\t\t\t\t\t\t\t\t\t\t\t\t<link rel=\"stylesheet\" id=\"wd-blog-mod-author-css\" href=\"https:\/\/binbirgecemasallari.com\/wp-content\/themes\/woodmart\/css\/parts\/blog-mod-author.min.css?ver=8.2.7\" type=\"text\/css\" media=\"all\" \/> \t\t\t\t\t\t\t\t<div class=\"wd-post-author\">\n\t\t\t\t\t\t\t\t\t\t\t<span>Taraf\u0131ndan g\u00f6nderildi<\/span>\n\t\t\n\t\t\t\t\t<img alt='author-avatar' src=\"https:\/\/binbirgecemasallari.com\/wp-content\/themes\/woodmart\/images\/lazy.svg\" data-src='https:\/\/secure.gravatar.com\/avatar\/b7fdc25dc36109cf7d4f184ec9988c7f613c61aa0149f626f87418e80f038deb?s=18&#038;d=mm&#038;r=g' srcset=\"\" data-srcset='https:\/\/secure.gravatar.com\/avatar\/b7fdc25dc36109cf7d4f184ec9988c7f613c61aa0149f626f87418e80f038deb?s=36&#038;d=mm&#038;r=g 2x' class='avatar avatar-18 photo' height='18' width='18' decoding='async'\/>\t\t\n\t\t\t\t\t<a href=\"https:\/\/binbirgecemasallari.com\/author\/masalperisi\/\" class=\"author\" rel=\"author\">Masal Perisi<\/a>\n\t\t\t\t\t\t\t\t\t<\/div>\n\t\t\t\t\t<div class=\"wd-modified-date\">\n\t\t\t\t\t\t\t\t<time class=\"updated\" datetime=\"2024-09-19T14:47:25+03:00\">\n\t\t\t19 Eyl\u00fcl 2024\t\t<\/time>\n\t\t\t\t\t\t\t<\/div>\n\n\t\t\t\t\t\t\t\t\t\t\t<div class=\"wd-post-share wd-tltp\">\n\t\t\t\t\t\t\t<div class=\"tooltip top\">\n\t\t\t\t\t\t\t\t<div class=\"tooltip-inner\">\n\t\t\t\t\t\t\t\t\t\t\t\t<link rel=\"stylesheet\" id=\"wd-social-icons-css\" href=\"https:\/\/binbirgecemasallari.com\/wp-content\/themes\/woodmart\/css\/parts\/el-social-icons.min.css?ver=8.2.7\" type=\"text\/css\" media=\"all\" \/> \t\t\t\t\t\t<div\n\t\t\t\t\t\tclass=\" wd-social-icons wd-style-default wd-size-small social-share wd-shape-circle color-scheme-light text-center\">\n\t\t\t\t\n\t\t\t\t\n\t\t\t\t\n\t\t\t\t\n\t\t\t\t\n\t\t\t\t\n\t\t\t\t\n\t\t\t\t\n\t\t\t\t\n\t\t\t\t\t\t\t\t\t<a rel=\"noopener noreferrer nofollow\" href=\"https:\/\/pinterest.com\/pin\/create\/button\/?url=https:\/\/binbirgecemasallari.com\/category\/isme-ozel-masallar\/&media=https:\/\/binbirgecemasallari.com\/wp-content\/uploads\/2024\/09\/masal-oku-Mesut-Alp-ve-Burakin-Sihirli-Okul-Yolculugu.webp&description=Mesut+Alp+ve+Burak%E2%80%99%C4%B1n+Sihirli+Okul+Yolculu%C4%9Fu\" target=\"_blank\" class=\" wd-social-icon social-pinterest\" aria-label=\"Pinterest sosyal ba\u011flant\u0131s\u0131\">\n\t\t\t\t\t\t<span class=\"wd-icon\"><\/span>\n\t\t\t\t\t\t\t\t\t\t\t<\/a>\n\t\t\t\t\n\t\t\t\t\n\t\t\t\t\n\t\t\t\t\n\t\t\t\t\n\t\t\t\t\n\t\t\t\t\n\t\t\t\t\n\t\t\t\t\n\t\t\t\t\n\t\t\t\t\n\t\t\t\t\t\t\t\t\t<a rel=\"noopener noreferrer nofollow\" href=\"https:\/\/api.whatsapp.com\/send?text=https%3A%2F%2Fbinbirgecemasallari.com%2Fcategory%2Fisme-ozel-masallar%2F\" target=\"_blank\" class=\"wd-hide-md  wd-social-icon social-whatsapp\" aria-label=\"WhatsApp sosyal ba\u011flant\u0131s\u0131\">\n\t\t\t\t\t\t<span class=\"wd-icon\"><\/span>\n\t\t\t\t\t\t\t\t\t\t\t<\/a>\n\n\t\t\t\t\t<a rel=\"noopener noreferrer nofollow\" href=\"whatsapp:\/\/send?text=https%3A%2F%2Fbinbirgecemasallari.com%2Fcategory%2Fisme-ozel-masallar%2F\" target=\"_blank\" class=\"wd-hide-lg  wd-social-icon social-whatsapp\" aria-label=\"WhatsApp sosyal ba\u011flant\u0131s\u0131\">\n\t\t\t\t\t\t<span class=\"wd-icon\"><\/span>\n\t\t\t\t\t\t\t\t\t\t\t<\/a>\n\t\t\t\t\n\t\t\t\t\n\t\t\t\t\n\t\t\t\t\n\t\t\t\t\n\t\t\t\t\n\t\t\t\t\t\t\t\t\t<a rel=\"noopener noreferrer nofollow\" href=\"https:\/\/telegram.me\/share\/url?url=https:\/\/binbirgecemasallari.com\/category\/isme-ozel-masallar\/\" target=\"_blank\" class=\" wd-social-icon social-tg\" aria-label=\"Telegram sosyal medya linki\">\n\t\t\t\t\t\t<span class=\"wd-icon\"><\/span>\n\t\t\t\t\t\t\t\t\t\t\t<\/a>\n\t\t\t\t\n\t\t\t\t\n\t\t\t<\/div>\n\n\t\t\t\t\t\t\t\t\t\t<\/div>\n\t\t\t\t\t\t\t\t<div class=\"tooltip-arrow\"><\/div>\n\t\t\t\t\t\t\t<\/div>\n\t\t\t\t\t\t<\/div>\n\t\t\t\t\t\n\t\t\t\t\t\t\t\t\t<\/div>\n\t\t\t\n\t\t\t\t\t\t\t\t\t\t\t\t<div class=\"wd-post-excerpt entry-content\">\n\t\t\t\t\t\tMesut Alp, okuldan korkarken sihirli bir kitap sayesinde okula dair endi\u015felerini yendi. Burak da yeni kelimeler \u00f6\u011frenmenin keyfini ya\u015fa...\t\t\t\t\t<\/div>\n\t\t\t\t\n\t\t\t\t\t\t\t\t\t\t\t\t\t\t<div class=\"wd-post-read-more wd-style-link read-more-section\">\n\t\t\t\t\t\t<a class=\"\" href=\"https:\/\/binbirgecemasallari.com\/masal-oku-mesut-alp-ve-burakin-sihirli-okul-yolculugu\/\">Masal\u0131 Oku<\/a>\t\t\t\t\t<\/div>\n\t\t\t\t\t\t\t\t\t\t\t\t\t<\/div>\n\t<\/div>\n<\/article>\n\n\t\t\t\t\t\t\t\t\t\t\t\n<article id=\"post-4138\" class=\"wd-post blog-design-masonry blog-post-loop blog-style-bg wd-add-shadow wd-col post-4138 post type-post status-publish format-standard has-post-thumbnail hentry category-isme-ozel-masallar category-2-yas-masallari category-3-yas-masallari category-doga-ve-cevre-masallari category-macera-hikayeleri tag-cocuk-masallari tag-doga-masallari tag-hayvan-masali tag-isme-ozel-masal tag-masal-dinle tag-masal-oku\">\n\t<div class=\"wd-post-inner article-inner\">\n\t\t\t\t\t<div class=\"wd-post-thumb entry-header\">\n\t\t\t\t\t\t\t\t\t<div class=\"wd-post-img post-img-wrapp\">\n\t\t\t\t\t\t<img width=\"1024\" height=\"1024\" src=\"https:\/\/binbirgecemasallari.com\/wp-content\/themes\/woodmart\/images\/lazy.svg\" class=\"attachment-large size-large\" alt=\"Mehmet Selim ve Ormandaki Bayku\u015f masal oku\" decoding=\"async\" srcset=\"\" sizes=\"(max-width: 1024px) 100vw, 1024px\" data-src=\"https:\/\/binbirgecemasallari.com\/wp-content\/uploads\/2024\/09\/Mehmet-Selim-ve-Ormandaki-Baykus-masal-oku-1.webp\" data-srcset=\"https:\/\/binbirgecemasallari.com\/wp-content\/uploads\/2024\/09\/Mehmet-Selim-ve-Ormandaki-Baykus-masal-oku-1.webp 1024w, https:\/\/binbirgecemasallari.com\/wp-content\/uploads\/2024\/09\/Mehmet-Selim-ve-Ormandaki-Baykus-masal-oku-1-300x300.webp 300w, https:\/\/binbirgecemasallari.com\/wp-content\/uploads\/2024\/09\/Mehmet-Selim-ve-Ormandaki-Baykus-masal-oku-1-150x150.webp 150w, https:\/\/binbirgecemasallari.com\/wp-content\/uploads\/2024\/09\/Mehmet-Selim-ve-Ormandaki-Baykus-masal-oku-1-768x768.webp 768w, https:\/\/binbirgecemasallari.com\/wp-content\/uploads\/2024\/09\/Mehmet-Selim-ve-Ormandaki-Baykus-masal-oku-1-600x600.webp 600w\" \/>\t\t\t\t\t<\/div>\n\t\t\t\t\t<a class=\"wd-fill\" href=\"https:\/\/binbirgecemasallari.com\/masal-oku-mehmet-selim-ve-ormandaki-baykus\/\"><\/a>\n\t\t\t\t\n\t\t\t\t\t\t\t\t\t\t\t\t<div class=\"wd-post-date wd-style-with-bg\">\n\t\t\t\t<span class=\"post-date-day\">\n\t\t\t\t\t19\t\t\t\t<\/span>\n\t\t\t\t<span class=\"post-date-month\">\n\t\t\t\t\tEyl\t\t\t\t<\/span>\n\t\t\t<\/div>\n\t\t\t\t\t\t\t\t\t<\/div>\n\t\t\n\t\t<div class=\"wd-post-content article-body-container\">\n\t\t\t\t\t\t\t<div class=\"wd-post-cat wd-style-with-bg meta-post-categories\">\n\t\t\t\t\t<a href=\"https:\/\/binbirgecemasallari.com\/category\/isme-ozel-masallar\/\" rel=\"category tag\">\u0130sme \u00d6zel Masallar<\/a>, <a href=\"https:\/\/binbirgecemasallari.com\/category\/2-yas-masallari\/\" rel=\"category tag\">2 Ya\u015f Masallar\u0131<\/a>, <a href=\"https:\/\/binbirgecemasallari.com\/category\/3-yas-masallari\/\" rel=\"category tag\">3 Ya\u015f Masallar\u0131<\/a>, <a href=\"https:\/\/binbirgecemasallari.com\/category\/doga-ve-cevre-masallari\/\" rel=\"category tag\">Do\u011fa ve \u00c7evre Masallar\u0131<\/a>, <a href=\"https:\/\/binbirgecemasallari.com\/category\/macera-hikayeleri\/\" rel=\"category tag\">Macera Masallar\u0131<\/a>\t\t\t\t<\/div>\n\t\t\t\n\t\t\t\t\t\t\t<h3 class=\"wd-post-title wd-entities-title title post-title\">\n\t\t\t\t\t<a href=\"https:\/\/binbirgecemasallari.com\/masal-oku-mehmet-selim-ve-ormandaki-baykus\/\" rel=\"bookmark\">Mehmet Selim ve Ormandaki \u0130ri G\u00f6zl\u00fc Bayku\u015f<\/a>\n\t\t\t\t<\/h3>\n\t\t\t\n\t\t\t\t\t\t\t<div class=\"wd-post-meta\">\n\t\t\t\t\t\t\t\t\t\t\t\t\t\t\t<div class=\"wd-post-author\">\n\t\t\t\t\t\t\t\t\t\t\t<span>Taraf\u0131ndan g\u00f6nderildi<\/span>\n\t\t\n\t\t\t\t\t<img alt='author-avatar' src=\"https:\/\/binbirgecemasallari.com\/wp-content\/themes\/woodmart\/images\/lazy.svg\" data-src='https:\/\/secure.gravatar.com\/avatar\/b7fdc25dc36109cf7d4f184ec9988c7f613c61aa0149f626f87418e80f038deb?s=18&#038;d=mm&#038;r=g' srcset=\"\" data-srcset='https:\/\/secure.gravatar.com\/avatar\/b7fdc25dc36109cf7d4f184ec9988c7f613c61aa0149f626f87418e80f038deb?s=36&#038;d=mm&#038;r=g 2x' class='avatar avatar-18 photo' height='18' width='18' decoding='async'\/>\t\t\n\t\t\t\t\t<a href=\"https:\/\/binbirgecemasallari.com\/author\/masalperisi\/\" class=\"author\" rel=\"author\">Masal Perisi<\/a>\n\t\t\t\t\t\t\t\t\t<\/div>\n\t\t\t\t\t<div class=\"wd-modified-date\">\n\t\t\t\t\t\t\t\t<time class=\"updated\" datetime=\"2024-09-23T15:12:21+03:00\">\n\t\t\t23 Eyl\u00fcl 2024\t\t<\/time>\n\t\t\t\t\t\t\t<\/div>\n\n\t\t\t\t\t\t\t\t\t\t\t<div class=\"wd-post-share wd-tltp\">\n\t\t\t\t\t\t\t<div class=\"tooltip top\">\n\t\t\t\t\t\t\t\t<div class=\"tooltip-inner\">\n\t\t\t\t\t\t\t\t\t\t\t\t<div\n\t\t\t\t\t\tclass=\" wd-social-icons wd-style-default wd-size-small social-share wd-shape-circle color-scheme-light text-center\">\n\t\t\t\t\n\t\t\t\t\n\t\t\t\t\n\t\t\t\t\n\t\t\t\t\n\t\t\t\t\n\t\t\t\t\n\t\t\t\t\n\t\t\t\t\n\t\t\t\t\t\t\t\t\t<a rel=\"noopener noreferrer nofollow\" href=\"https:\/\/pinterest.com\/pin\/create\/button\/?url=https:\/\/binbirgecemasallari.com\/category\/isme-ozel-masallar\/&media=https:\/\/binbirgecemasallari.com\/wp-content\/uploads\/2024\/09\/Mehmet-Selim-ve-Ormandaki-Baykus-masal-oku-1.webp&description=Mehmet+Selim+ve+Ormandaki+%C4%B0ri+G%C3%B6zl%C3%BC+Bayku%C5%9F\" target=\"_blank\" class=\" wd-social-icon social-pinterest\" aria-label=\"Pinterest sosyal ba\u011flant\u0131s\u0131\">\n\t\t\t\t\t\t<span class=\"wd-icon\"><\/span>\n\t\t\t\t\t\t\t\t\t\t\t<\/a>\n\t\t\t\t\n\t\t\t\t\n\t\t\t\t\n\t\t\t\t\n\t\t\t\t\n\t\t\t\t\n\t\t\t\t\n\t\t\t\t\n\t\t\t\t\n\t\t\t\t\n\t\t\t\t\n\t\t\t\t\t\t\t\t\t<a rel=\"noopener noreferrer nofollow\" href=\"https:\/\/api.whatsapp.com\/send?text=https%3A%2F%2Fbinbirgecemasallari.com%2Fcategory%2Fisme-ozel-masallar%2F\" target=\"_blank\" class=\"wd-hide-md  wd-social-icon social-whatsapp\" aria-label=\"WhatsApp sosyal ba\u011flant\u0131s\u0131\">\n\t\t\t\t\t\t<span class=\"wd-icon\"><\/span>\n\t\t\t\t\t\t\t\t\t\t\t<\/a>\n\n\t\t\t\t\t<a rel=\"noopener noreferrer nofollow\" href=\"whatsapp:\/\/send?text=https%3A%2F%2Fbinbirgecemasallari.com%2Fcategory%2Fisme-ozel-masallar%2F\" target=\"_blank\" class=\"wd-hide-lg  wd-social-icon social-whatsapp\" aria-label=\"WhatsApp sosyal ba\u011flant\u0131s\u0131\">\n\t\t\t\t\t\t<span class=\"wd-icon\"><\/span>\n\t\t\t\t\t\t\t\t\t\t\t<\/a>\n\t\t\t\t\n\t\t\t\t\n\t\t\t\t\n\t\t\t\t\n\t\t\t\t\n\t\t\t\t\n\t\t\t\t\t\t\t\t\t<a rel=\"noopener noreferrer nofollow\" href=\"https:\/\/telegram.me\/share\/url?url=https:\/\/binbirgecemasallari.com\/category\/isme-ozel-masallar\/\" target=\"_blank\" class=\" wd-social-icon social-tg\" aria-label=\"Telegram sosyal medya linki\">\n\t\t\t\t\t\t<span class=\"wd-icon\"><\/span>\n\t\t\t\t\t\t\t\t\t\t\t<\/a>\n\t\t\t\t\n\t\t\t\t\n\t\t\t<\/div>\n\n\t\t\t\t\t\t\t\t\t\t<\/div>\n\t\t\t\t\t\t\t\t<div class=\"tooltip-arrow\"><\/div>\n\t\t\t\t\t\t\t<\/div>\n\t\t\t\t\t\t<\/div>\n\t\t\t\t\t\n\t\t\t\t\t\t\t\t\t<\/div>\n\t\t\t\n\t\t\t\t\t\t\t\t\t\t\t\t<div class=\"wd-post-excerpt entry-content\">\n\t\t\t\t\t\tMehmet Selim, do\u011fadaki her \u015feyin birbirine ba\u011fl\u0131 oldu\u011funu ve sab\u0131rl\u0131 bir \u015fekilde onlar\u0131 dinleyerek \u00e7ok \u015fey \u00f6\u011frenilebilece\u011fini ke\u015ffetti....\t\t\t\t\t<\/div>\n\t\t\t\t\n\t\t\t\t\t\t\t\t\t\t\t\t\t\t<div class=\"wd-post-read-more wd-style-link read-more-section\">\n\t\t\t\t\t\t<a class=\"\" href=\"https:\/\/binbirgecemasallari.com\/masal-oku-mehmet-selim-ve-ormandaki-baykus\/\">Masal\u0131 Oku<\/a>\t\t\t\t\t<\/div>\n\t\t\t\t\t\t\t\t\t\t\t\t\t<\/div>\n\t<\/div>\n<\/article>\n\n\t\t\t\t\t\t\t\t\t\t\t\n<article id=\"post-4137\" class=\"wd-post blog-design-masonry blog-post-loop blog-style-bg wd-add-shadow wd-col post-4137 post type-post status-publish format-standard has-post-thumbnail hentry category-isme-ozel-masallar category-10-yas-masallari-oku category-7-yas-masallari category-8-yas-masallari-oku category-9-yas-masallari-oku category-fantastik-masallar category-macera-hikayeleri category-uyku-masallari tag-cocuk-masallari tag-fantastik-masallar tag-isme-ozel-masal tag-kardes-hikayesi tag-kardes-masali tag-masal-dinle tag-masal-oku tag-uyku-masallari\">\n\t<div class=\"wd-post-inner article-inner\">\n\t\t\t\t\t<div class=\"wd-post-thumb entry-header\">\n\t\t\t\t\t\t\t\t\t<div class=\"wd-post-img post-img-wrapp\">\n\t\t\t\t\t\t<img width=\"1024\" height=\"1024\" src=\"https:\/\/binbirgecemasallari.com\/wp-content\/themes\/woodmart\/images\/lazy.svg\" class=\"attachment-large size-large\" alt=\"Azra ve Osman\u2019\u0131n B\u00fcy\u00fcl\u00fc Zaman Saati masal oku\" decoding=\"async\" srcset=\"\" sizes=\"(max-width: 1024px) 100vw, 1024px\" data-src=\"https:\/\/binbirgecemasallari.com\/wp-content\/uploads\/2024\/09\/Azra-ve-Osmanin-Buyulu-Zaman-Saati-masal-oku-1024x1024.png\" data-srcset=\"https:\/\/binbirgecemasallari.com\/wp-content\/uploads\/2024\/09\/Azra-ve-Osmanin-Buyulu-Zaman-Saati-masal-oku-1024x1024.png 1024w, https:\/\/binbirgecemasallari.com\/wp-content\/uploads\/2024\/09\/Azra-ve-Osmanin-Buyulu-Zaman-Saati-masal-oku-300x300.png 300w, https:\/\/binbirgecemasallari.com\/wp-content\/uploads\/2024\/09\/Azra-ve-Osmanin-Buyulu-Zaman-Saati-masal-oku-150x150.png 150w, https:\/\/binbirgecemasallari.com\/wp-content\/uploads\/2024\/09\/Azra-ve-Osmanin-Buyulu-Zaman-Saati-masal-oku-768x768.png 768w, https:\/\/binbirgecemasallari.com\/wp-content\/uploads\/2024\/09\/Azra-ve-Osmanin-Buyulu-Zaman-Saati-masal-oku-600x600.png 600w, https:\/\/binbirgecemasallari.com\/wp-content\/uploads\/2024\/09\/Azra-ve-Osmanin-Buyulu-Zaman-Saati-masal-oku.png 1080w\" \/>\t\t\t\t\t<\/div>\n\t\t\t\t\t<a class=\"wd-fill\" href=\"https:\/\/binbirgecemasallari.com\/masal-oku-azra-ve-osmanin-zaman-yolculugu\/\"><\/a>\n\t\t\t\t\n\t\t\t\t\t\t\t\t\t\t\t\t<div class=\"wd-post-date wd-style-with-bg\">\n\t\t\t\t<span class=\"post-date-day\">\n\t\t\t\t\t19\t\t\t\t<\/span>\n\t\t\t\t<span class=\"post-date-month\">\n\t\t\t\t\tEyl\t\t\t\t<\/span>\n\t\t\t<\/div>\n\t\t\t\t\t\t\t\t\t<\/div>\n\t\t\n\t\t<div class=\"wd-post-content article-body-container\">\n\t\t\t\t\t\t\t<div class=\"wd-post-cat wd-style-with-bg meta-post-categories\">\n\t\t\t\t\t<a href=\"https:\/\/binbirgecemasallari.com\/category\/isme-ozel-masallar\/\" rel=\"category tag\">\u0130sme \u00d6zel Masallar<\/a>, <a href=\"https:\/\/binbirgecemasallari.com\/category\/10-yas-masallari-oku\/\" rel=\"category tag\">10 Ya\u015f Masallar\u0131 Oku<\/a>, <a href=\"https:\/\/binbirgecemasallari.com\/category\/7-yas-masallari\/\" rel=\"category tag\">7 Ya\u015f Masallar\u0131<\/a>, <a href=\"https:\/\/binbirgecemasallari.com\/category\/8-yas-masallari-oku\/\" rel=\"category tag\">8 Ya\u015f Masallar\u0131 Oku<\/a>, <a href=\"https:\/\/binbirgecemasallari.com\/category\/9-yas-masallari-oku\/\" rel=\"category tag\">9 Ya\u015f Masallar\u0131 Oku<\/a>, <a href=\"https:\/\/binbirgecemasallari.com\/category\/fantastik-masallar\/\" rel=\"category tag\">Fantastik Masallar<\/a>, <a href=\"https:\/\/binbirgecemasallari.com\/category\/macera-hikayeleri\/\" rel=\"category tag\">Macera Masallar\u0131<\/a>, <a href=\"https:\/\/binbirgecemasallari.com\/category\/uyku-masallari\/\" rel=\"category tag\">Uyku Masallar\u0131<\/a>\t\t\t\t<\/div>\n\t\t\t\n\t\t\t\t\t\t\t<h3 class=\"wd-post-title wd-entities-title title post-title\">\n\t\t\t\t\t<a href=\"https:\/\/binbirgecemasallari.com\/masal-oku-azra-ve-osmanin-zaman-yolculugu\/\" rel=\"bookmark\">Azra ve Osman\u2019\u0131n B\u00fcy\u00fcl\u00fc Zaman Saati<\/a>\n\t\t\t\t<\/h3>\n\t\t\t\n\t\t\t\t\t\t\t<div class=\"wd-post-meta\">\n\t\t\t\t\t\t\t\t\t\t\t\t\t\t\t<div class=\"wd-post-author\">\n\t\t\t\t\t\t\t\t\t\t\t<span>Taraf\u0131ndan g\u00f6nderildi<\/span>\n\t\t\n\t\t\t\t\t<img alt='author-avatar' src=\"https:\/\/binbirgecemasallari.com\/wp-content\/themes\/woodmart\/images\/lazy.svg\" data-src='https:\/\/secure.gravatar.com\/avatar\/b7fdc25dc36109cf7d4f184ec9988c7f613c61aa0149f626f87418e80f038deb?s=18&#038;d=mm&#038;r=g' srcset=\"\" data-srcset='https:\/\/secure.gravatar.com\/avatar\/b7fdc25dc36109cf7d4f184ec9988c7f613c61aa0149f626f87418e80f038deb?s=36&#038;d=mm&#038;r=g 2x' class='avatar avatar-18 photo' height='18' width='18' decoding='async'\/>\t\t\n\t\t\t\t\t<a href=\"https:\/\/binbirgecemasallari.com\/author\/masalperisi\/\" class=\"author\" rel=\"author\">Masal Perisi<\/a>\n\t\t\t\t\t\t\t\t\t<\/div>\n\t\t\t\t\t<div class=\"wd-modified-date\">\n\t\t\t\t\t\t\t\t<time class=\"updated\" datetime=\"2024-09-23T15:13:00+03:00\">\n\t\t\t23 Eyl\u00fcl 2024\t\t<\/time>\n\t\t\t\t\t\t\t<\/div>\n\n\t\t\t\t\t\t\t\t\t\t\t<div class=\"wd-post-share wd-tltp\">\n\t\t\t\t\t\t\t<div class=\"tooltip top\">\n\t\t\t\t\t\t\t\t<div class=\"tooltip-inner\">\n\t\t\t\t\t\t\t\t\t\t\t\t<div\n\t\t\t\t\t\tclass=\" wd-social-icons wd-style-default wd-size-small social-share wd-shape-circle color-scheme-light text-center\">\n\t\t\t\t\n\t\t\t\t\n\t\t\t\t\n\t\t\t\t\n\t\t\t\t\n\t\t\t\t\n\t\t\t\t\n\t\t\t\t\n\t\t\t\t\n\t\t\t\t\t\t\t\t\t<a rel=\"noopener noreferrer nofollow\" href=\"https:\/\/pinterest.com\/pin\/create\/button\/?url=https:\/\/binbirgecemasallari.com\/category\/isme-ozel-masallar\/&media=https:\/\/binbirgecemasallari.com\/wp-content\/uploads\/2024\/09\/Azra-ve-Osmanin-Buyulu-Zaman-Saati-masal-oku.png&description=Azra+ve+Osman%E2%80%99%C4%B1n+B%C3%BCy%C3%BCl%C3%BC+Zaman+Saati\" target=\"_blank\" class=\" wd-social-icon social-pinterest\" aria-label=\"Pinterest sosyal ba\u011flant\u0131s\u0131\">\n\t\t\t\t\t\t<span class=\"wd-icon\"><\/span>\n\t\t\t\t\t\t\t\t\t\t\t<\/a>\n\t\t\t\t\n\t\t\t\t\n\t\t\t\t\n\t\t\t\t\n\t\t\t\t\n\t\t\t\t\n\t\t\t\t\n\t\t\t\t\n\t\t\t\t\n\t\t\t\t\n\t\t\t\t\n\t\t\t\t\t\t\t\t\t<a rel=\"noopener noreferrer nofollow\" href=\"https:\/\/api.whatsapp.com\/send?text=https%3A%2F%2Fbinbirgecemasallari.com%2Fcategory%2Fisme-ozel-masallar%2F\" target=\"_blank\" class=\"wd-hide-md  wd-social-icon social-whatsapp\" aria-label=\"WhatsApp sosyal ba\u011flant\u0131s\u0131\">\n\t\t\t\t\t\t<span class=\"wd-icon\"><\/span>\n\t\t\t\t\t\t\t\t\t\t\t<\/a>\n\n\t\t\t\t\t<a rel=\"noopener noreferrer nofollow\" href=\"whatsapp:\/\/send?text=https%3A%2F%2Fbinbirgecemasallari.com%2Fcategory%2Fisme-ozel-masallar%2F\" target=\"_blank\" class=\"wd-hide-lg  wd-social-icon social-whatsapp\" aria-label=\"WhatsApp sosyal ba\u011flant\u0131s\u0131\">\n\t\t\t\t\t\t<span class=\"wd-icon\"><\/span>\n\t\t\t\t\t\t\t\t\t\t\t<\/a>\n\t\t\t\t\n\t\t\t\t\n\t\t\t\t\n\t\t\t\t\n\t\t\t\t\n\t\t\t\t\n\t\t\t\t\t\t\t\t\t<a rel=\"noopener noreferrer nofollow\" href=\"https:\/\/telegram.me\/share\/url?url=https:\/\/binbirgecemasallari.com\/category\/isme-ozel-masallar\/\" target=\"_blank\" class=\" wd-social-icon social-tg\" aria-label=\"Telegram sosyal medya linki\">\n\t\t\t\t\t\t<span class=\"wd-icon\"><\/span>\n\t\t\t\t\t\t\t\t\t\t\t<\/a>\n\t\t\t\t\n\t\t\t\t\n\t\t\t<\/div>\n\n\t\t\t\t\t\t\t\t\t\t<\/div>\n\t\t\t\t\t\t\t\t<div class=\"tooltip-arrow\"><\/div>\n\t\t\t\t\t\t\t<\/div>\n\t\t\t\t\t\t<\/div>\n\t\t\t\t\t\n\t\t\t\t\t\t\t\t\t<\/div>\n\t\t\t\n\t\t\t\t\t\t\t\t\t\t\t\t<div class=\"wd-post-excerpt entry-content\">\n\t\t\t\t\t\tAzra ve Osman, zaman\u0131 ke\u015ffederek ge\u00e7mi\u015fin sava\u015flarla dolu oldu\u011funu, gelece\u011fin ise teknolojinin insan ili\u015fkilerini zay\u0131flatabilece\u011fini \u00f6...\t\t\t\t\t<\/div>\n\t\t\t\t\n\t\t\t\t\t\t\t\t\t\t\t\t\t\t<div class=\"wd-post-read-more wd-style-link read-more-section\">\n\t\t\t\t\t\t<a class=\"\" href=\"https:\/\/binbirgecemasallari.com\/masal-oku-azra-ve-osmanin-zaman-yolculugu\/\">Masal\u0131 Oku<\/a>\t\t\t\t\t<\/div>\n\t\t\t\t\t\t\t\t\t\t\t\t\t<\/div>\n\t<\/div>\n<\/article>\n\n\t\t\t\t\t\t\t\t\t\t\t\n<article id=\"post-4136\" class=\"wd-post blog-design-masonry blog-post-loop blog-style-bg wd-add-shadow wd-col post-4136 post type-post status-publish format-standard has-post-thumbnail hentry category-isme-ozel-masallar category-3-yas-masallari category-4-yas-masallari category-5-yas-masallari category-6-yas-masallari category-7-yas-masallari category-doga-ve-cevre-masallari category-fantastik-masallar category-hayvan-masallari category-uyku-masallari tag-cocuk-masallari tag-doga-masallari tag-hayvan-masali tag-isme-ozel-masal tag-masal-dinle tag-masal-oku tag-uyku-masallari\">\n\t<div class=\"wd-post-inner article-inner\">\n\t\t\t\t\t<div class=\"wd-post-thumb entry-header\">\n\t\t\t\t\t\t\t\t\t<div class=\"wd-post-img post-img-wrapp\">\n\t\t\t\t\t\t<img width=\"1024\" height=\"1024\" src=\"https:\/\/binbirgecemasallari.com\/wp-content\/themes\/woodmart\/images\/lazy.svg\" class=\"attachment-large size-large\" alt=\"\" decoding=\"async\" srcset=\"\" sizes=\"(max-width: 1024px) 100vw, 1024px\" data-src=\"https:\/\/binbirgecemasallari.com\/wp-content\/uploads\/2024\/09\/Afsin-Mirac-ve-Sevimli-Orman-Dostlari-masal-1024x1024.png\" data-srcset=\"https:\/\/binbirgecemasallari.com\/wp-content\/uploads\/2024\/09\/Afsin-Mirac-ve-Sevimli-Orman-Dostlari-masal-1024x1024.png 1024w, https:\/\/binbirgecemasallari.com\/wp-content\/uploads\/2024\/09\/Afsin-Mirac-ve-Sevimli-Orman-Dostlari-masal-300x300.png 300w, https:\/\/binbirgecemasallari.com\/wp-content\/uploads\/2024\/09\/Afsin-Mirac-ve-Sevimli-Orman-Dostlari-masal-150x150.png 150w, https:\/\/binbirgecemasallari.com\/wp-content\/uploads\/2024\/09\/Afsin-Mirac-ve-Sevimli-Orman-Dostlari-masal-768x768.png 768w, https:\/\/binbirgecemasallari.com\/wp-content\/uploads\/2024\/09\/Afsin-Mirac-ve-Sevimli-Orman-Dostlari-masal-600x600.png 600w, https:\/\/binbirgecemasallari.com\/wp-content\/uploads\/2024\/09\/Afsin-Mirac-ve-Sevimli-Orman-Dostlari-masal.png 1080w\" \/>\t\t\t\t\t<\/div>\n\t\t\t\t\t<a class=\"wd-fill\" href=\"https:\/\/binbirgecemasallari.com\/masal-oku-afsin-mirac-ve-orman-dostlari\/\"><\/a>\n\t\t\t\t\n\t\t\t\t\t\t\t\t\t\t\t\t<div class=\"wd-post-date wd-style-with-bg\">\n\t\t\t\t<span class=\"post-date-day\">\n\t\t\t\t\t19\t\t\t\t<\/span>\n\t\t\t\t<span class=\"post-date-month\">\n\t\t\t\t\tEyl\t\t\t\t<\/span>\n\t\t\t<\/div>\n\t\t\t\t\t\t\t\t\t<\/div>\n\t\t\n\t\t<div class=\"wd-post-content article-body-container\">\n\t\t\t\t\t\t\t<div class=\"wd-post-cat wd-style-with-bg meta-post-categories\">\n\t\t\t\t\t<a href=\"https:\/\/binbirgecemasallari.com\/category\/isme-ozel-masallar\/\" rel=\"category tag\">\u0130sme \u00d6zel Masallar<\/a>, <a href=\"https:\/\/binbirgecemasallari.com\/category\/3-yas-masallari\/\" rel=\"category tag\">3 Ya\u015f Masallar\u0131<\/a>, <a href=\"https:\/\/binbirgecemasallari.com\/category\/4-yas-masallari\/\" rel=\"category tag\">4 Ya\u015f Masallar\u0131<\/a>, <a href=\"https:\/\/binbirgecemasallari.com\/category\/5-yas-masallari\/\" rel=\"category tag\">5 Ya\u015f Masallar\u0131<\/a>, <a href=\"https:\/\/binbirgecemasallari.com\/category\/6-yas-masallari\/\" rel=\"category tag\">6 Ya\u015f Masallar\u0131<\/a>, <a href=\"https:\/\/binbirgecemasallari.com\/category\/7-yas-masallari\/\" rel=\"category tag\">7 Ya\u015f Masallar\u0131<\/a>, <a href=\"https:\/\/binbirgecemasallari.com\/category\/doga-ve-cevre-masallari\/\" rel=\"category tag\">Do\u011fa ve \u00c7evre Masallar\u0131<\/a>, <a href=\"https:\/\/binbirgecemasallari.com\/category\/fantastik-masallar\/\" rel=\"category tag\">Fantastik Masallar<\/a>, <a href=\"https:\/\/binbirgecemasallari.com\/category\/hayvan-masallari\/\" rel=\"category tag\">Hayvan Masallar\u0131<\/a>, <a href=\"https:\/\/binbirgecemasallari.com\/category\/uyku-masallari\/\" rel=\"category tag\">Uyku Masallar\u0131<\/a>\t\t\t\t<\/div>\n\t\t\t\n\t\t\t\t\t\t\t<h3 class=\"wd-post-title wd-entities-title title post-title\">\n\t\t\t\t\t<a href=\"https:\/\/binbirgecemasallari.com\/masal-oku-afsin-mirac-ve-orman-dostlari\/\" rel=\"bookmark\">Af\u015fin Mira\u00e7 ve Sevimli Orman Dostlar\u0131<\/a>\n\t\t\t\t<\/h3>\n\t\t\t\n\t\t\t\t\t\t\t<div class=\"wd-post-meta\">\n\t\t\t\t\t\t\t\t\t\t\t\t\t\t\t<div class=\"wd-post-author\">\n\t\t\t\t\t\t\t\t\t\t\t<span>Taraf\u0131ndan g\u00f6nderildi<\/span>\n\t\t\n\t\t\t\t\t<img alt='author-avatar' src=\"https:\/\/binbirgecemasallari.com\/wp-content\/themes\/woodmart\/images\/lazy.svg\" data-src='https:\/\/secure.gravatar.com\/avatar\/b7fdc25dc36109cf7d4f184ec9988c7f613c61aa0149f626f87418e80f038deb?s=18&#038;d=mm&#038;r=g' srcset=\"\" data-srcset='https:\/\/secure.gravatar.com\/avatar\/b7fdc25dc36109cf7d4f184ec9988c7f613c61aa0149f626f87418e80f038deb?s=36&#038;d=mm&#038;r=g 2x' class='avatar avatar-18 photo' height='18' width='18' decoding='async'\/>\t\t\n\t\t\t\t\t<a href=\"https:\/\/binbirgecemasallari.com\/author\/masalperisi\/\" class=\"author\" rel=\"author\">Masal Perisi<\/a>\n\t\t\t\t\t\t\t\t\t<\/div>\n\t\t\t\t\t<div class=\"wd-modified-date\">\n\t\t\t\t\t\t\t\t<time class=\"updated\" datetime=\"2024-09-23T15:13:23+03:00\">\n\t\t\t23 Eyl\u00fcl 2024\t\t<\/time>\n\t\t\t\t\t\t\t<\/div>\n\n\t\t\t\t\t\t\t\t\t\t\t<div class=\"wd-post-share wd-tltp\">\n\t\t\t\t\t\t\t<div class=\"tooltip top\">\n\t\t\t\t\t\t\t\t<div class=\"tooltip-inner\">\n\t\t\t\t\t\t\t\t\t\t\t\t<div\n\t\t\t\t\t\tclass=\" wd-social-icons wd-style-default wd-size-small social-share wd-shape-circle color-scheme-light text-center\">\n\t\t\t\t\n\t\t\t\t\n\t\t\t\t\n\t\t\t\t\n\t\t\t\t\n\t\t\t\t\n\t\t\t\t\n\t\t\t\t\n\t\t\t\t\n\t\t\t\t\t\t\t\t\t<a rel=\"noopener noreferrer nofollow\" href=\"https:\/\/pinterest.com\/pin\/create\/button\/?url=https:\/\/binbirgecemasallari.com\/category\/isme-ozel-masallar\/&media=https:\/\/binbirgecemasallari.com\/wp-content\/uploads\/2024\/09\/Afsin-Mirac-ve-Sevimli-Orman-Dostlari-masal.png&description=Af%C5%9Fin+Mira%C3%A7+ve+Sevimli+Orman+Dostlar%C4%B1\" target=\"_blank\" class=\" wd-social-icon social-pinterest\" aria-label=\"Pinterest sosyal ba\u011flant\u0131s\u0131\">\n\t\t\t\t\t\t<span class=\"wd-icon\"><\/span>\n\t\t\t\t\t\t\t\t\t\t\t<\/a>\n\t\t\t\t\n\t\t\t\t\n\t\t\t\t\n\t\t\t\t\n\t\t\t\t\n\t\t\t\t\n\t\t\t\t\n\t\t\t\t\n\t\t\t\t\n\t\t\t\t\n\t\t\t\t\n\t\t\t\t\t\t\t\t\t<a rel=\"noopener noreferrer nofollow\" href=\"https:\/\/api.whatsapp.com\/send?text=https%3A%2F%2Fbinbirgecemasallari.com%2Fcategory%2Fisme-ozel-masallar%2F\" target=\"_blank\" class=\"wd-hide-md  wd-social-icon social-whatsapp\" aria-label=\"WhatsApp sosyal ba\u011flant\u0131s\u0131\">\n\t\t\t\t\t\t<span class=\"wd-icon\"><\/span>\n\t\t\t\t\t\t\t\t\t\t\t<\/a>\n\n\t\t\t\t\t<a rel=\"noopener noreferrer nofollow\" href=\"whatsapp:\/\/send?text=https%3A%2F%2Fbinbirgecemasallari.com%2Fcategory%2Fisme-ozel-masallar%2F\" target=\"_blank\" class=\"wd-hide-lg  wd-social-icon social-whatsapp\" aria-label=\"WhatsApp sosyal ba\u011flant\u0131s\u0131\">\n\t\t\t\t\t\t<span class=\"wd-icon\"><\/span>\n\t\t\t\t\t\t\t\t\t\t\t<\/a>\n\t\t\t\t\n\t\t\t\t\n\t\t\t\t\n\t\t\t\t\n\t\t\t\t\n\t\t\t\t\n\t\t\t\t\t\t\t\t\t<a rel=\"noopener noreferrer nofollow\" href=\"https:\/\/telegram.me\/share\/url?url=https:\/\/binbirgecemasallari.com\/category\/isme-ozel-masallar\/\" target=\"_blank\" class=\" wd-social-icon social-tg\" aria-label=\"Telegram sosyal medya linki\">\n\t\t\t\t\t\t<span class=\"wd-icon\"><\/span>\n\t\t\t\t\t\t\t\t\t\t\t<\/a>\n\t\t\t\t\n\t\t\t\t\n\t\t\t<\/div>\n\n\t\t\t\t\t\t\t\t\t\t<\/div>\n\t\t\t\t\t\t\t\t<div class=\"tooltip-arrow\"><\/div>\n\t\t\t\t\t\t\t<\/div>\n\t\t\t\t\t\t<\/div>\n\t\t\t\t\t\n\t\t\t\t\t\t\t\t\t<\/div>\n\t\t\t\n\t\t\t\t\t\t\t\t\t\t\t\t<div class=\"wd-post-excerpt entry-content\">\n\t\t\t\t\t\tAf\u015fin Mira\u00e7, do\u011fay\u0131 ve hayvanlar\u0131 severek onlar\u0131n dilini anlamay\u0131 ve do\u011fan\u0131n dengesini \u00f6\u011frenmeyi ba\u015fard\u0131. Her hayvan\u0131n do\u011fada bir rol\u00fc ...\t\t\t\t\t<\/div>\n\t\t\t\t\n\t\t\t\t\t\t\t\t\t\t\t\t\t\t<div class=\"wd-post-read-more wd-style-link read-more-section\">\n\t\t\t\t\t\t<a class=\"\" href=\"https:\/\/binbirgecemasallari.com\/masal-oku-afsin-mirac-ve-orman-dostlari\/\">Masal\u0131 Oku<\/a>\t\t\t\t\t<\/div>\n\t\t\t\t\t\t\t\t\t\t\t\t\t<\/div>\n\t<\/div>\n<\/article>\n\n\t\t\t\t\t\t\t\t\t\t\t\n<article id=\"post-4041\" class=\"wd-post blog-design-masonry blog-post-loop blog-style-bg wd-add-shadow wd-col post-4041 post type-post status-publish format-standard has-post-thumbnail hentry category-isme-ozel-masallar category-2-yas-masallari category-3-yas-masallari category-4-yas-masallari category-5-yas-masallari category-6-yas-masallari category-bebek-masallari category-fantastik-masallar category-uyku-masallari tag-cocuk-masallari tag-doga-masallari tag-isme-ozel-masal tag-kardes-hikayesi tag-kardes-masali tag-masal-dinle tag-masal-oku tag-uyku-masallari\">\n\t<div class=\"wd-post-inner article-inner\">\n\t\t\t\t\t<div class=\"wd-post-thumb entry-header\">\n\t\t\t\t\t\t\t\t\t<div class=\"wd-post-img post-img-wrapp\">\n\t\t\t\t\t\t<img width=\"1024\" height=\"1024\" src=\"https:\/\/binbirgecemasallari.com\/wp-content\/themes\/woodmart\/images\/lazy.svg\" class=\"attachment-large size-large\" alt=\"Almila ve Karan\u2019\u0131n B\u00fcy\u00fcl\u00fc Orman Maceras\u0131 masal oku\" decoding=\"async\" srcset=\"\" sizes=\"(max-width: 1024px) 100vw, 1024px\" data-src=\"https:\/\/binbirgecemasallari.com\/wp-content\/uploads\/2024\/09\/Almila-ve-Karanin-Buyulu-Orman-Macerasi-masal-oku-3.webp\" data-srcset=\"https:\/\/binbirgecemasallari.com\/wp-content\/uploads\/2024\/09\/Almila-ve-Karanin-Buyulu-Orman-Macerasi-masal-oku-3.webp 1024w, https:\/\/binbirgecemasallari.com\/wp-content\/uploads\/2024\/09\/Almila-ve-Karanin-Buyulu-Orman-Macerasi-masal-oku-3-300x300.webp 300w, https:\/\/binbirgecemasallari.com\/wp-content\/uploads\/2024\/09\/Almila-ve-Karanin-Buyulu-Orman-Macerasi-masal-oku-3-150x150.webp 150w, https:\/\/binbirgecemasallari.com\/wp-content\/uploads\/2024\/09\/Almila-ve-Karanin-Buyulu-Orman-Macerasi-masal-oku-3-768x768.webp 768w, https:\/\/binbirgecemasallari.com\/wp-content\/uploads\/2024\/09\/Almila-ve-Karanin-Buyulu-Orman-Macerasi-masal-oku-3-600x600.webp 600w\" \/>\t\t\t\t\t<\/div>\n\t\t\t\t\t<a class=\"wd-fill\" href=\"https:\/\/binbirgecemasallari.com\/masal-oku-almila-ve-karanin-orman-macerasi\/\"><\/a>\n\t\t\t\t\n\t\t\t\t\t\t\t\t\t\t\t\t<div class=\"wd-post-date wd-style-with-bg\">\n\t\t\t\t<span class=\"post-date-day\">\n\t\t\t\t\t18\t\t\t\t<\/span>\n\t\t\t\t<span class=\"post-date-month\">\n\t\t\t\t\tEyl\t\t\t\t<\/span>\n\t\t\t<\/div>\n\t\t\t\t\t\t\t\t\t<\/div>\n\t\t\n\t\t<div class=\"wd-post-content article-body-container\">\n\t\t\t\t\t\t\t<div class=\"wd-post-cat wd-style-with-bg meta-post-categories\">\n\t\t\t\t\t<a href=\"https:\/\/binbirgecemasallari.com\/category\/isme-ozel-masallar\/\" rel=\"category tag\">\u0130sme \u00d6zel Masallar<\/a>, <a href=\"https:\/\/binbirgecemasallari.com\/category\/2-yas-masallari\/\" rel=\"category tag\">2 Ya\u015f Masallar\u0131<\/a>, <a href=\"https:\/\/binbirgecemasallari.com\/category\/3-yas-masallari\/\" rel=\"category tag\">3 Ya\u015f Masallar\u0131<\/a>, <a href=\"https:\/\/binbirgecemasallari.com\/category\/4-yas-masallari\/\" rel=\"category tag\">4 Ya\u015f Masallar\u0131<\/a>, <a href=\"https:\/\/binbirgecemasallari.com\/category\/5-yas-masallari\/\" rel=\"category tag\">5 Ya\u015f Masallar\u0131<\/a>, <a href=\"https:\/\/binbirgecemasallari.com\/category\/6-yas-masallari\/\" rel=\"category tag\">6 Ya\u015f Masallar\u0131<\/a>, <a href=\"https:\/\/binbirgecemasallari.com\/category\/bebek-masallari\/\" rel=\"category tag\">Bebek Masallar\u0131<\/a>, <a href=\"https:\/\/binbirgecemasallari.com\/category\/fantastik-masallar\/\" rel=\"category tag\">Fantastik Masallar<\/a>, <a href=\"https:\/\/binbirgecemasallari.com\/category\/uyku-masallari\/\" rel=\"category tag\">Uyku Masallar\u0131<\/a>\t\t\t\t<\/div>\n\t\t\t\n\t\t\t\t\t\t\t<h3 class=\"wd-post-title wd-entities-title title post-title\">\n\t\t\t\t\t<a href=\"https:\/\/binbirgecemasallari.com\/masal-oku-almila-ve-karanin-orman-macerasi\/\" rel=\"bookmark\">Almila ve Karan\u2019\u0131n B\u00fcy\u00fcl\u00fc Orman Maceras\u0131<\/a>\n\t\t\t\t<\/h3>\n\t\t\t\n\t\t\t\t\t\t\t<div class=\"wd-post-meta\">\n\t\t\t\t\t\t\t\t\t\t\t\t\t\t\t<div class=\"wd-post-author\">\n\t\t\t\t\t\t\t\t\t\t\t<span>Taraf\u0131ndan g\u00f6nderildi<\/span>\n\t\t\n\t\t\t\t\t<img alt='author-avatar' src=\"https:\/\/binbirgecemasallari.com\/wp-content\/themes\/woodmart\/images\/lazy.svg\" data-src='https:\/\/secure.gravatar.com\/avatar\/b7fdc25dc36109cf7d4f184ec9988c7f613c61aa0149f626f87418e80f038deb?s=18&#038;d=mm&#038;r=g' srcset=\"\" data-srcset='https:\/\/secure.gravatar.com\/avatar\/b7fdc25dc36109cf7d4f184ec9988c7f613c61aa0149f626f87418e80f038deb?s=36&#038;d=mm&#038;r=g 2x' class='avatar avatar-18 photo' height='18' width='18' decoding='async'\/>\t\t\n\t\t\t\t\t<a href=\"https:\/\/binbirgecemasallari.com\/author\/masalperisi\/\" class=\"author\" rel=\"author\">Masal Perisi<\/a>\n\t\t\t\t\t\t\t\t\t<\/div>\n\t\t\t\t\t<div class=\"wd-modified-date\">\n\t\t\t\t\t\t\t\t<time class=\"updated\" datetime=\"2024-09-18T23:15:09+03:00\">\n\t\t\t18 Eyl\u00fcl 2024\t\t<\/time>\n\t\t\t\t\t\t\t<\/div>\n\n\t\t\t\t\t\t\t\t\t\t\t<div class=\"wd-post-share wd-tltp\">\n\t\t\t\t\t\t\t<div class=\"tooltip top\">\n\t\t\t\t\t\t\t\t<div class=\"tooltip-inner\">\n\t\t\t\t\t\t\t\t\t\t\t\t<div\n\t\t\t\t\t\tclass=\" wd-social-icons wd-style-default wd-size-small social-share wd-shape-circle color-scheme-light text-center\">\n\t\t\t\t\n\t\t\t\t\n\t\t\t\t\n\t\t\t\t\n\t\t\t\t\n\t\t\t\t\n\t\t\t\t\n\t\t\t\t\n\t\t\t\t\n\t\t\t\t\t\t\t\t\t<a rel=\"noopener noreferrer nofollow\" href=\"https:\/\/pinterest.com\/pin\/create\/button\/?url=https:\/\/binbirgecemasallari.com\/category\/isme-ozel-masallar\/&media=https:\/\/binbirgecemasallari.com\/wp-content\/uploads\/2024\/09\/Almila-ve-Karanin-Buyulu-Orman-Macerasi-masal-oku-3.webp&description=Almila+ve+Karan%E2%80%99%C4%B1n+B%C3%BCy%C3%BCl%C3%BC+Orman+Maceras%C4%B1\" target=\"_blank\" class=\" wd-social-icon social-pinterest\" aria-label=\"Pinterest sosyal ba\u011flant\u0131s\u0131\">\n\t\t\t\t\t\t<span class=\"wd-icon\"><\/span>\n\t\t\t\t\t\t\t\t\t\t\t<\/a>\n\t\t\t\t\n\t\t\t\t\n\t\t\t\t\n\t\t\t\t\n\t\t\t\t\n\t\t\t\t\n\t\t\t\t\n\t\t\t\t\n\t\t\t\t\n\t\t\t\t\n\t\t\t\t\n\t\t\t\t\t\t\t\t\t<a rel=\"noopener noreferrer nofollow\" href=\"https:\/\/api.whatsapp.com\/send?text=https%3A%2F%2Fbinbirgecemasallari.com%2Fcategory%2Fisme-ozel-masallar%2F\" target=\"_blank\" class=\"wd-hide-md  wd-social-icon social-whatsapp\" aria-label=\"WhatsApp sosyal ba\u011flant\u0131s\u0131\">\n\t\t\t\t\t\t<span class=\"wd-icon\"><\/span>\n\t\t\t\t\t\t\t\t\t\t\t<\/a>\n\n\t\t\t\t\t<a rel=\"noopener noreferrer nofollow\" href=\"whatsapp:\/\/send?text=https%3A%2F%2Fbinbirgecemasallari.com%2Fcategory%2Fisme-ozel-masallar%2F\" target=\"_blank\" class=\"wd-hide-lg  wd-social-icon social-whatsapp\" aria-label=\"WhatsApp sosyal ba\u011flant\u0131s\u0131\">\n\t\t\t\t\t\t<span class=\"wd-icon\"><\/span>\n\t\t\t\t\t\t\t\t\t\t\t<\/a>\n\t\t\t\t\n\t\t\t\t\n\t\t\t\t\n\t\t\t\t\n\t\t\t\t\n\t\t\t\t\n\t\t\t\t\t\t\t\t\t<a rel=\"noopener noreferrer nofollow\" href=\"https:\/\/telegram.me\/share\/url?url=https:\/\/binbirgecemasallari.com\/category\/isme-ozel-masallar\/\" target=\"_blank\" class=\" wd-social-icon social-tg\" aria-label=\"Telegram sosyal medya linki\">\n\t\t\t\t\t\t<span class=\"wd-icon\"><\/span>\n\t\t\t\t\t\t\t\t\t\t\t<\/a>\n\t\t\t\t\n\t\t\t\t\n\t\t\t<\/div>\n\n\t\t\t\t\t\t\t\t\t\t<\/div>\n\t\t\t\t\t\t\t\t<div class=\"tooltip-arrow\"><\/div>\n\t\t\t\t\t\t\t<\/div>\n\t\t\t\t\t\t<\/div>\n\t\t\t\t\t\n\t\t\t\t\t\t\t\t\t<\/div>\n\t\t\t\n\t\t\t\t\t\t\t\t\t\t\t\t<div class=\"wd-post-excerpt entry-content\">\n\t\t\t\t\t\tBu masal, \u00e7ocuklara cesaret, sevgi ve dostlu\u011fun ne kadar \u00f6nemli oldu\u011funu anlat\u0131r. Almila ve Karan, orman\u0131n gizemlerini \u00e7\u00f6zerek birbirle...\t\t\t\t\t<\/div>\n\t\t\t\t\n\t\t\t\t\t\t\t\t\t\t\t\t\t\t<div class=\"wd-post-read-more wd-style-link read-more-section\">\n\t\t\t\t\t\t<a class=\"\" href=\"https:\/\/binbirgecemasallari.com\/masal-oku-almila-ve-karanin-orman-macerasi\/\">Masal\u0131 Oku<\/a>\t\t\t\t\t<\/div>\n\t\t\t\t\t\t\t\t\t\t\t\t\t<\/div>\n\t<\/div>\n<\/article>\n\n\t\t\t\t\t\t\t\t\t\t\t\n<article id=\"post-4040\" class=\"wd-post blog-design-masonry blog-post-loop blog-style-bg wd-add-shadow wd-col post-4040 post type-post status-publish format-standard has-post-thumbnail hentry category-isme-ozel-masallar category-3-yas-masallari category-4-yas-masallari category-5-yas-masallari category-6-yas-masallari category-fantastik-masallar category-futbol-masallari category-uyku-masallari tag-cocuk-masallari tag-futbol-masallari tag-isme-ozel-masal tag-masal-dinle tag-masal-oku tag-uyku-masallari\">\n\t<div class=\"wd-post-inner article-inner\">\n\t\t\t\t\t<div class=\"wd-post-thumb entry-header\">\n\t\t\t\t\t\t\t\t\t<div class=\"wd-post-img post-img-wrapp\">\n\t\t\t\t\t\t<img width=\"1024\" height=\"1024\" src=\"https:\/\/binbirgecemasallari.com\/wp-content\/themes\/woodmart\/images\/lazy.svg\" class=\"attachment-large size-large\" alt=\"R\u00fczgar Ali ve Fenerbah\u00e7e&#039;nin Gizemli Topu masal oku\" decoding=\"async\" srcset=\"\" sizes=\"(max-width: 1024px) 100vw, 1024px\" data-src=\"https:\/\/binbirgecemasallari.com\/wp-content\/uploads\/2024\/09\/Ruzgar-Ali-ve-Fenerbahcenin-Gizemli-Topu-masal-oku-4.webp\" data-srcset=\"https:\/\/binbirgecemasallari.com\/wp-content\/uploads\/2024\/09\/Ruzgar-Ali-ve-Fenerbahcenin-Gizemli-Topu-masal-oku-4.webp 1024w, https:\/\/binbirgecemasallari.com\/wp-content\/uploads\/2024\/09\/Ruzgar-Ali-ve-Fenerbahcenin-Gizemli-Topu-masal-oku-4-300x300.webp 300w, https:\/\/binbirgecemasallari.com\/wp-content\/uploads\/2024\/09\/Ruzgar-Ali-ve-Fenerbahcenin-Gizemli-Topu-masal-oku-4-150x150.webp 150w, https:\/\/binbirgecemasallari.com\/wp-content\/uploads\/2024\/09\/Ruzgar-Ali-ve-Fenerbahcenin-Gizemli-Topu-masal-oku-4-768x768.webp 768w, https:\/\/binbirgecemasallari.com\/wp-content\/uploads\/2024\/09\/Ruzgar-Ali-ve-Fenerbahcenin-Gizemli-Topu-masal-oku-4-600x600.webp 600w\" \/>\t\t\t\t\t<\/div>\n\t\t\t\t\t<a class=\"wd-fill\" href=\"https:\/\/binbirgecemasallari.com\/masal-oku-ruzgar-ali-ve-gizemli-top\/\"><\/a>\n\t\t\t\t\n\t\t\t\t\t\t\t\t\t\t\t\t<div class=\"wd-post-date wd-style-with-bg\">\n\t\t\t\t<span class=\"post-date-day\">\n\t\t\t\t\t18\t\t\t\t<\/span>\n\t\t\t\t<span class=\"post-date-month\">\n\t\t\t\t\tEyl\t\t\t\t<\/span>\n\t\t\t<\/div>\n\t\t\t\t\t\t\t\t\t<\/div>\n\t\t\n\t\t<div class=\"wd-post-content article-body-container\">\n\t\t\t\t\t\t\t<div class=\"wd-post-cat wd-style-with-bg meta-post-categories\">\n\t\t\t\t\t<a href=\"https:\/\/binbirgecemasallari.com\/category\/isme-ozel-masallar\/\" rel=\"category tag\">\u0130sme \u00d6zel Masallar<\/a>, <a href=\"https:\/\/binbirgecemasallari.com\/category\/3-yas-masallari\/\" rel=\"category tag\">3 Ya\u015f Masallar\u0131<\/a>, <a href=\"https:\/\/binbirgecemasallari.com\/category\/4-yas-masallari\/\" rel=\"category tag\">4 Ya\u015f Masallar\u0131<\/a>, <a href=\"https:\/\/binbirgecemasallari.com\/category\/5-yas-masallari\/\" rel=\"category tag\">5 Ya\u015f Masallar\u0131<\/a>, <a href=\"https:\/\/binbirgecemasallari.com\/category\/6-yas-masallari\/\" rel=\"category tag\">6 Ya\u015f Masallar\u0131<\/a>, <a href=\"https:\/\/binbirgecemasallari.com\/category\/fantastik-masallar\/\" rel=\"category tag\">Fantastik Masallar<\/a>, <a href=\"https:\/\/binbirgecemasallari.com\/category\/futbol-masallari\/\" rel=\"category tag\">Futbol Masallar\u0131<\/a>, <a href=\"https:\/\/binbirgecemasallari.com\/category\/uyku-masallari\/\" rel=\"category tag\">Uyku Masallar\u0131<\/a>\t\t\t\t<\/div>\n\t\t\t\n\t\t\t\t\t\t\t<h3 class=\"wd-post-title wd-entities-title title post-title\">\n\t\t\t\t\t<a href=\"https:\/\/binbirgecemasallari.com\/masal-oku-ruzgar-ali-ve-gizemli-top\/\" rel=\"bookmark\">R\u00fczgar Ali ve Fenerbah\u00e7e&#8217;nin Gizemli Topu<\/a>\n\t\t\t\t<\/h3>\n\t\t\t\n\t\t\t\t\t\t\t<div class=\"wd-post-meta\">\n\t\t\t\t\t\t\t\t\t\t\t\t\t\t\t<div class=\"wd-post-author\">\n\t\t\t\t\t\t\t\t\t\t\t<span>Taraf\u0131ndan g\u00f6nderildi<\/span>\n\t\t\n\t\t\t\t\t<img alt='author-avatar' src=\"https:\/\/binbirgecemasallari.com\/wp-content\/themes\/woodmart\/images\/lazy.svg\" data-src='https:\/\/secure.gravatar.com\/avatar\/b7fdc25dc36109cf7d4f184ec9988c7f613c61aa0149f626f87418e80f038deb?s=18&#038;d=mm&#038;r=g' srcset=\"\" data-srcset='https:\/\/secure.gravatar.com\/avatar\/b7fdc25dc36109cf7d4f184ec9988c7f613c61aa0149f626f87418e80f038deb?s=36&#038;d=mm&#038;r=g 2x' class='avatar avatar-18 photo' height='18' width='18' decoding='async'\/>\t\t\n\t\t\t\t\t<a href=\"https:\/\/binbirgecemasallari.com\/author\/masalperisi\/\" class=\"author\" rel=\"author\">Masal Perisi<\/a>\n\t\t\t\t\t\t\t\t\t<\/div>\n\t\t\t\t\t<div class=\"wd-modified-date\">\n\t\t\t\t\t\t\t\t<time class=\"updated\" datetime=\"2024-09-18T23:16:53+03:00\">\n\t\t\t18 Eyl\u00fcl 2024\t\t<\/time>\n\t\t\t\t\t\t\t<\/div>\n\n\t\t\t\t\t\t\t\t\t\t\t<div class=\"wd-post-share wd-tltp\">\n\t\t\t\t\t\t\t<div class=\"tooltip top\">\n\t\t\t\t\t\t\t\t<div class=\"tooltip-inner\">\n\t\t\t\t\t\t\t\t\t\t\t\t<div\n\t\t\t\t\t\tclass=\" wd-social-icons wd-style-default wd-size-small social-share wd-shape-circle color-scheme-light text-center\">\n\t\t\t\t\n\t\t\t\t\n\t\t\t\t\n\t\t\t\t\n\t\t\t\t\n\t\t\t\t\n\t\t\t\t\n\t\t\t\t\n\t\t\t\t\n\t\t\t\t\t\t\t\t\t<a rel=\"noopener noreferrer nofollow\" href=\"https:\/\/pinterest.com\/pin\/create\/button\/?url=https:\/\/binbirgecemasallari.com\/category\/isme-ozel-masallar\/&media=https:\/\/binbirgecemasallari.com\/wp-content\/uploads\/2024\/09\/Ruzgar-Ali-ve-Fenerbahcenin-Gizemli-Topu-masal-oku-4.webp&description=R%C3%BCzgar+Ali+ve+Fenerbah%C3%A7e%26%238217%3Bnin+Gizemli+Topu\" target=\"_blank\" class=\" wd-social-icon social-pinterest\" aria-label=\"Pinterest sosyal ba\u011flant\u0131s\u0131\">\n\t\t\t\t\t\t<span class=\"wd-icon\"><\/span>\n\t\t\t\t\t\t\t\t\t\t\t<\/a>\n\t\t\t\t\n\t\t\t\t\n\t\t\t\t\n\t\t\t\t\n\t\t\t\t\n\t\t\t\t\n\t\t\t\t\n\t\t\t\t\n\t\t\t\t\n\t\t\t\t\n\t\t\t\t\n\t\t\t\t\t\t\t\t\t<a rel=\"noopener noreferrer nofollow\" href=\"https:\/\/api.whatsapp.com\/send?text=https%3A%2F%2Fbinbirgecemasallari.com%2Fcategory%2Fisme-ozel-masallar%2F\" target=\"_blank\" class=\"wd-hide-md  wd-social-icon social-whatsapp\" aria-label=\"WhatsApp sosyal ba\u011flant\u0131s\u0131\">\n\t\t\t\t\t\t<span class=\"wd-icon\"><\/span>\n\t\t\t\t\t\t\t\t\t\t\t<\/a>\n\n\t\t\t\t\t<a rel=\"noopener noreferrer nofollow\" href=\"whatsapp:\/\/send?text=https%3A%2F%2Fbinbirgecemasallari.com%2Fcategory%2Fisme-ozel-masallar%2F\" target=\"_blank\" class=\"wd-hide-lg  wd-social-icon social-whatsapp\" aria-label=\"WhatsApp sosyal ba\u011flant\u0131s\u0131\">\n\t\t\t\t\t\t<span class=\"wd-icon\"><\/span>\n\t\t\t\t\t\t\t\t\t\t\t<\/a>\n\t\t\t\t\n\t\t\t\t\n\t\t\t\t\n\t\t\t\t\n\t\t\t\t\n\t\t\t\t\n\t\t\t\t\t\t\t\t\t<a rel=\"noopener noreferrer nofollow\" href=\"https:\/\/telegram.me\/share\/url?url=https:\/\/binbirgecemasallari.com\/category\/isme-ozel-masallar\/\" target=\"_blank\" class=\" wd-social-icon social-tg\" aria-label=\"Telegram sosyal medya linki\">\n\t\t\t\t\t\t<span class=\"wd-icon\"><\/span>\n\t\t\t\t\t\t\t\t\t\t\t<\/a>\n\t\t\t\t\n\t\t\t\t\n\t\t\t<\/div>\n\n\t\t\t\t\t\t\t\t\t\t<\/div>\n\t\t\t\t\t\t\t\t<div class=\"tooltip-arrow\"><\/div>\n\t\t\t\t\t\t\t<\/div>\n\t\t\t\t\t\t<\/div>\n\t\t\t\t\t\n\t\t\t\t\t\t\t\t\t<\/div>\n\t\t\t\n\t\t\t\t\t\t\t\t\t\t\t\t<div class=\"wd-post-excerpt entry-content\">\n\t\t\t\t\t\tR\u00fczgar Ali\u2019nin bu maceras\u0131, \u00e7ocuklara futbolun sadece fiziksel bir oyun olmad\u0131\u011f\u0131n\u0131, ayn\u0131 zamanda tak\u0131m \u00e7al\u0131\u015fmas\u0131, zeka ve azim gerektir...\t\t\t\t\t<\/div>\n\t\t\t\t\n\t\t\t\t\t\t\t\t\t\t\t\t\t\t<div class=\"wd-post-read-more wd-style-link read-more-section\">\n\t\t\t\t\t\t<a class=\"\" href=\"https:\/\/binbirgecemasallari.com\/masal-oku-ruzgar-ali-ve-gizemli-top\/\">Masal\u0131 Oku<\/a>\t\t\t\t\t<\/div>\n\t\t\t\t\t\t\t\t\t\t\t\t\t<\/div>\n\t<\/div>\n<\/article>\n\n\t\t\t\t\t\t\t\t\t\t\t\n<article id=\"post-4039\" class=\"wd-post blog-design-masonry blog-post-loop blog-style-bg wd-add-shadow wd-col post-4039 post type-post status-publish format-standard has-post-thumbnail hentry category-2-yas-masallari category-3-yas-masallari category-4-yas-masallari category-5-yas-masallari category-doga-ve-cevre-masallari category-hayvan-masallari category-isme-ozel-masallar category-uyku-masallari tag-cocuk-masallari tag-hayvan-masali tag-isme-ozel-masal tag-masal-dinle tag-masal-oku tag-uyku-masallari\">\n\t<div class=\"wd-post-inner article-inner\">\n\t\t\t\t\t<div class=\"wd-post-thumb entry-header\">\n\t\t\t\t\t\t\t\t\t<div class=\"wd-post-img post-img-wrapp\">\n\t\t\t\t\t\t<img width=\"1024\" height=\"1024\" src=\"https:\/\/binbirgecemasallari.com\/wp-content\/themes\/woodmart\/images\/lazy.svg\" class=\"attachment-large size-large\" alt=\"Adem\u2019in Hayvanlar Diyar\u0131ndaki Maceras\u0131 masla oku\" decoding=\"async\" srcset=\"\" sizes=\"(max-width: 1024px) 100vw, 1024px\" data-src=\"https:\/\/binbirgecemasallari.com\/wp-content\/uploads\/2024\/09\/Ademin-Hayvanlar-Diyarindaki-Macerasi-masla-oku-4.webp\" data-srcset=\"https:\/\/binbirgecemasallari.com\/wp-content\/uploads\/2024\/09\/Ademin-Hayvanlar-Diyarindaki-Macerasi-masla-oku-4.webp 1024w, https:\/\/binbirgecemasallari.com\/wp-content\/uploads\/2024\/09\/Ademin-Hayvanlar-Diyarindaki-Macerasi-masla-oku-4-300x300.webp 300w, https:\/\/binbirgecemasallari.com\/wp-content\/uploads\/2024\/09\/Ademin-Hayvanlar-Diyarindaki-Macerasi-masla-oku-4-150x150.webp 150w, https:\/\/binbirgecemasallari.com\/wp-content\/uploads\/2024\/09\/Ademin-Hayvanlar-Diyarindaki-Macerasi-masla-oku-4-768x768.webp 768w, https:\/\/binbirgecemasallari.com\/wp-content\/uploads\/2024\/09\/Ademin-Hayvanlar-Diyarindaki-Macerasi-masla-oku-4-600x600.webp 600w\" \/>\t\t\t\t\t<\/div>\n\t\t\t\t\t<a class=\"wd-fill\" href=\"https:\/\/binbirgecemasallari.com\/masal-oku-adem-hayvanlar-diyarinda\/\"><\/a>\n\t\t\t\t\n\t\t\t\t\t\t\t\t\t\t\t\t<div class=\"wd-post-date wd-style-with-bg\">\n\t\t\t\t<span class=\"post-date-day\">\n\t\t\t\t\t18\t\t\t\t<\/span>\n\t\t\t\t<span class=\"post-date-month\">\n\t\t\t\t\tEyl\t\t\t\t<\/span>\n\t\t\t<\/div>\n\t\t\t\t\t\t\t\t\t<\/div>\n\t\t\n\t\t<div class=\"wd-post-content article-body-container\">\n\t\t\t\t\t\t\t<div class=\"wd-post-cat wd-style-with-bg meta-post-categories\">\n\t\t\t\t\t<a href=\"https:\/\/binbirgecemasallari.com\/category\/2-yas-masallari\/\" rel=\"category tag\">2 Ya\u015f Masallar\u0131<\/a>, <a href=\"https:\/\/binbirgecemasallari.com\/category\/3-yas-masallari\/\" rel=\"category tag\">3 Ya\u015f Masallar\u0131<\/a>, <a href=\"https:\/\/binbirgecemasallari.com\/category\/4-yas-masallari\/\" rel=\"category tag\">4 Ya\u015f Masallar\u0131<\/a>, <a href=\"https:\/\/binbirgecemasallari.com\/category\/5-yas-masallari\/\" rel=\"category tag\">5 Ya\u015f Masallar\u0131<\/a>, <a href=\"https:\/\/binbirgecemasallari.com\/category\/doga-ve-cevre-masallari\/\" rel=\"category tag\">Do\u011fa ve \u00c7evre Masallar\u0131<\/a>, <a href=\"https:\/\/binbirgecemasallari.com\/category\/hayvan-masallari\/\" rel=\"category tag\">Hayvan Masallar\u0131<\/a>, <a href=\"https:\/\/binbirgecemasallari.com\/category\/isme-ozel-masallar\/\" rel=\"category tag\">\u0130sme \u00d6zel Masallar<\/a>, <a href=\"https:\/\/binbirgecemasallari.com\/category\/uyku-masallari\/\" rel=\"category tag\">Uyku Masallar\u0131<\/a>\t\t\t\t<\/div>\n\t\t\t\n\t\t\t\t\t\t\t<h3 class=\"wd-post-title wd-entities-title title post-title\">\n\t\t\t\t\t<a href=\"https:\/\/binbirgecemasallari.com\/masal-oku-adem-hayvanlar-diyarinda\/\" rel=\"bookmark\">Adem\u2019in Hayvanlar Diyar\u0131ndaki Maceras\u0131<\/a>\n\t\t\t\t<\/h3>\n\t\t\t\n\t\t\t\t\t\t\t<div class=\"wd-post-meta\">\n\t\t\t\t\t\t\t\t\t\t\t\t\t\t\t<div class=\"wd-post-author\">\n\t\t\t\t\t\t\t\t\t\t\t<span>Taraf\u0131ndan g\u00f6nderildi<\/span>\n\t\t\n\t\t\t\t\t<img alt='author-avatar' src=\"https:\/\/binbirgecemasallari.com\/wp-content\/themes\/woodmart\/images\/lazy.svg\" data-src='https:\/\/secure.gravatar.com\/avatar\/b7fdc25dc36109cf7d4f184ec9988c7f613c61aa0149f626f87418e80f038deb?s=18&#038;d=mm&#038;r=g' srcset=\"\" data-srcset='https:\/\/secure.gravatar.com\/avatar\/b7fdc25dc36109cf7d4f184ec9988c7f613c61aa0149f626f87418e80f038deb?s=36&#038;d=mm&#038;r=g 2x' class='avatar avatar-18 photo' height='18' width='18' decoding='async'\/>\t\t\n\t\t\t\t\t<a href=\"https:\/\/binbirgecemasallari.com\/author\/masalperisi\/\" class=\"author\" rel=\"author\">Masal Perisi<\/a>\n\t\t\t\t\t\t\t\t\t<\/div>\n\t\t\t\t\t<div class=\"wd-modified-date\">\n\t\t\t\t\t\t\t\t<time class=\"updated\" datetime=\"2024-09-18T23:24:17+03:00\">\n\t\t\t18 Eyl\u00fcl 2024\t\t<\/time>\n\t\t\t\t\t\t\t<\/div>\n\n\t\t\t\t\t\t\t\t\t\t\t<div class=\"wd-post-share wd-tltp\">\n\t\t\t\t\t\t\t<div class=\"tooltip top\">\n\t\t\t\t\t\t\t\t<div class=\"tooltip-inner\">\n\t\t\t\t\t\t\t\t\t\t\t\t<div\n\t\t\t\t\t\tclass=\" wd-social-icons wd-style-default wd-size-small social-share wd-shape-circle color-scheme-light text-center\">\n\t\t\t\t\n\t\t\t\t\n\t\t\t\t\n\t\t\t\t\n\t\t\t\t\n\t\t\t\t\n\t\t\t\t\n\t\t\t\t\n\t\t\t\t\n\t\t\t\t\t\t\t\t\t<a rel=\"noopener noreferrer nofollow\" href=\"https:\/\/pinterest.com\/pin\/create\/button\/?url=https:\/\/binbirgecemasallari.com\/category\/isme-ozel-masallar\/&media=https:\/\/binbirgecemasallari.com\/wp-content\/uploads\/2024\/09\/Ademin-Hayvanlar-Diyarindaki-Macerasi-masla-oku-4.webp&description=Adem%E2%80%99in+Hayvanlar+Diyar%C4%B1ndaki+Maceras%C4%B1\" target=\"_blank\" class=\" wd-social-icon social-pinterest\" aria-label=\"Pinterest sosyal ba\u011flant\u0131s\u0131\">\n\t\t\t\t\t\t<span class=\"wd-icon\"><\/span>\n\t\t\t\t\t\t\t\t\t\t\t<\/a>\n\t\t\t\t\n\t\t\t\t\n\t\t\t\t\n\t\t\t\t\n\t\t\t\t\n\t\t\t\t\n\t\t\t\t\n\t\t\t\t\n\t\t\t\t\n\t\t\t\t\n\t\t\t\t\n\t\t\t\t\t\t\t\t\t<a rel=\"noopener noreferrer nofollow\" href=\"https:\/\/api.whatsapp.com\/send?text=https%3A%2F%2Fbinbirgecemasallari.com%2Fcategory%2Fisme-ozel-masallar%2F\" target=\"_blank\" class=\"wd-hide-md  wd-social-icon social-whatsapp\" aria-label=\"WhatsApp sosyal ba\u011flant\u0131s\u0131\">\n\t\t\t\t\t\t<span class=\"wd-icon\"><\/span>\n\t\t\t\t\t\t\t\t\t\t\t<\/a>\n\n\t\t\t\t\t<a rel=\"noopener noreferrer nofollow\" href=\"whatsapp:\/\/send?text=https%3A%2F%2Fbinbirgecemasallari.com%2Fcategory%2Fisme-ozel-masallar%2F\" target=\"_blank\" class=\"wd-hide-lg  wd-social-icon social-whatsapp\" aria-label=\"WhatsApp sosyal ba\u011flant\u0131s\u0131\">\n\t\t\t\t\t\t<span class=\"wd-icon\"><\/span>\n\t\t\t\t\t\t\t\t\t\t\t<\/a>\n\t\t\t\t\n\t\t\t\t\n\t\t\t\t\n\t\t\t\t\n\t\t\t\t\n\t\t\t\t\n\t\t\t\t\t\t\t\t\t<a rel=\"noopener noreferrer nofollow\" href=\"https:\/\/telegram.me\/share\/url?url=https:\/\/binbirgecemasallari.com\/category\/isme-ozel-masallar\/\" target=\"_blank\" class=\" wd-social-icon social-tg\" aria-label=\"Telegram sosyal medya linki\">\n\t\t\t\t\t\t<span class=\"wd-icon\"><\/span>\n\t\t\t\t\t\t\t\t\t\t\t<\/a>\n\t\t\t\t\n\t\t\t\t\n\t\t\t<\/div>\n\n\t\t\t\t\t\t\t\t\t\t<\/div>\n\t\t\t\t\t\t\t\t<div class=\"tooltip-arrow\"><\/div>\n\t\t\t\t\t\t\t<\/div>\n\t\t\t\t\t\t<\/div>\n\t\t\t\t\t\n\t\t\t\t\t\t\t\t\t<\/div>\n\t\t\t\n\t\t\t\t\t\t\t\t\t\t\t\t<div class=\"wd-post-excerpt entry-content\">\n\t\t\t\t\t\tAdem\u2019in Hayvanlar Diyar\u0131\u2019ndaki maceras\u0131, \u00e7ocuklara hayvanlara olan sevgiyi ve do\u011faya sayg\u0131y\u0131 \u00f6\u011fretir.\n\n\n\n\n\n\n\n\n\n\n\n\nBu Masal\u0131 dinlemek i\u00e7...\t\t\t\t\t<\/div>\n\t\t\t\t\n\t\t\t\t\t\t\t\t\t\t\t\t\t\t<div class=\"wd-post-read-more wd-style-link read-more-section\">\n\t\t\t\t\t\t<a class=\"\" href=\"https:\/\/binbirgecemasallari.com\/masal-oku-adem-hayvanlar-diyarinda\/\">Masal\u0131 Oku<\/a>\t\t\t\t\t<\/div>\n\t\t\t\t\t\t\t\t\t\t\t\t\t<\/div>\n\t<\/div>\n<\/article>\n\n\t\t\t\t\t\t\t\t\t\t\t\n<article id=\"post-4038\" class=\"wd-post blog-design-masonry blog-post-loop blog-style-bg wd-add-shadow wd-col post-4038 post type-post status-publish format-standard has-post-thumbnail hentry category-isme-ozel-masallar category-2-yas-masallari category-3-yas-masallari category-4-yas-masallari category-5-yas-masallari category-bebek-masallari category-bilim-kurgu-masallari category-fantastik-masallar category-uyku-masallari tag-cocuk-masallari tag-isme-ozel-masal tag-masal-dinle tag-masal-oku tag-uyku-masallari tag-uzay-masallari\">\n\t<div class=\"wd-post-inner article-inner\">\n\t\t\t\t\t<div class=\"wd-post-thumb entry-header\">\n\t\t\t\t\t\t\t\t\t<div class=\"wd-post-img post-img-wrapp\">\n\t\t\t\t\t\t<img width=\"1024\" height=\"1024\" src=\"https:\/\/binbirgecemasallari.com\/wp-content\/themes\/woodmart\/images\/lazy.svg\" class=\"attachment-large size-large\" alt=\"K\u0131van\u00e7\u2019\u0131n B\u00fcy\u00fcl\u00fc Uzay Yolculu\u011fu masal oku dinle\" decoding=\"async\" srcset=\"\" sizes=\"(max-width: 1024px) 100vw, 1024px\" data-src=\"https:\/\/binbirgecemasallari.com\/wp-content\/uploads\/2024\/09\/Kivancin-Buyulu-Uzay-Yolculugu-masal-oku-dinle-1024x1024.png\" data-srcset=\"https:\/\/binbirgecemasallari.com\/wp-content\/uploads\/2024\/09\/Kivancin-Buyulu-Uzay-Yolculugu-masal-oku-dinle-1024x1024.png 1024w, https:\/\/binbirgecemasallari.com\/wp-content\/uploads\/2024\/09\/Kivancin-Buyulu-Uzay-Yolculugu-masal-oku-dinle-300x300.png 300w, https:\/\/binbirgecemasallari.com\/wp-content\/uploads\/2024\/09\/Kivancin-Buyulu-Uzay-Yolculugu-masal-oku-dinle-150x150.png 150w, https:\/\/binbirgecemasallari.com\/wp-content\/uploads\/2024\/09\/Kivancin-Buyulu-Uzay-Yolculugu-masal-oku-dinle-768x768.png 768w, https:\/\/binbirgecemasallari.com\/wp-content\/uploads\/2024\/09\/Kivancin-Buyulu-Uzay-Yolculugu-masal-oku-dinle-600x600.png 600w, https:\/\/binbirgecemasallari.com\/wp-content\/uploads\/2024\/09\/Kivancin-Buyulu-Uzay-Yolculugu-masal-oku-dinle.png 1080w\" \/>\t\t\t\t\t<\/div>\n\t\t\t\t\t<a class=\"wd-fill\" href=\"https:\/\/binbirgecemasallari.com\/masal-oku-kivancin-gezegen-macerasi\/\"><\/a>\n\t\t\t\t\n\t\t\t\t\t\t\t\t\t\t\t\t<div class=\"wd-post-date wd-style-with-bg\">\n\t\t\t\t<span class=\"post-date-day\">\n\t\t\t\t\t18\t\t\t\t<\/span>\n\t\t\t\t<span class=\"post-date-month\">\n\t\t\t\t\tEyl\t\t\t\t<\/span>\n\t\t\t<\/div>\n\t\t\t\t\t\t\t\t\t<\/div>\n\t\t\n\t\t<div class=\"wd-post-content article-body-container\">\n\t\t\t\t\t\t\t<div class=\"wd-post-cat wd-style-with-bg meta-post-categories\">\n\t\t\t\t\t<a href=\"https:\/\/binbirgecemasallari.com\/category\/isme-ozel-masallar\/\" rel=\"category tag\">\u0130sme \u00d6zel Masallar<\/a>, <a href=\"https:\/\/binbirgecemasallari.com\/category\/2-yas-masallari\/\" rel=\"category tag\">2 Ya\u015f Masallar\u0131<\/a>, <a href=\"https:\/\/binbirgecemasallari.com\/category\/3-yas-masallari\/\" rel=\"category tag\">3 Ya\u015f Masallar\u0131<\/a>, <a href=\"https:\/\/binbirgecemasallari.com\/category\/4-yas-masallari\/\" rel=\"category tag\">4 Ya\u015f Masallar\u0131<\/a>, <a href=\"https:\/\/binbirgecemasallari.com\/category\/5-yas-masallari\/\" rel=\"category tag\">5 Ya\u015f Masallar\u0131<\/a>, <a href=\"https:\/\/binbirgecemasallari.com\/category\/bebek-masallari\/\" rel=\"category tag\">Bebek Masallar\u0131<\/a>, <a href=\"https:\/\/binbirgecemasallari.com\/category\/bilim-kurgu-masallari\/\" rel=\"category tag\">Bilim Kurgu Masallar\u0131<\/a>, <a href=\"https:\/\/binbirgecemasallari.com\/category\/fantastik-masallar\/\" rel=\"category tag\">Fantastik Masallar<\/a>, <a href=\"https:\/\/binbirgecemasallari.com\/category\/uyku-masallari\/\" rel=\"category tag\">Uyku Masallar\u0131<\/a>\t\t\t\t<\/div>\n\t\t\t\n\t\t\t\t\t\t\t<h3 class=\"wd-post-title wd-entities-title title post-title\">\n\t\t\t\t\t<a href=\"https:\/\/binbirgecemasallari.com\/masal-oku-kivancin-gezegen-macerasi\/\" rel=\"bookmark\">K\u0131van\u00e7\u2019\u0131n Gezegenler Aras\u0131 Maceras\u0131<\/a>\n\t\t\t\t<\/h3>\n\t\t\t\n\t\t\t\t\t\t\t<div class=\"wd-post-meta\">\n\t\t\t\t\t\t\t\t\t\t\t\t\t\t\t<div class=\"wd-post-author\">\n\t\t\t\t\t\t\t\t\t\t\t<span>Taraf\u0131ndan g\u00f6nderildi<\/span>\n\t\t\n\t\t\t\t\t<img alt='author-avatar' src=\"https:\/\/binbirgecemasallari.com\/wp-content\/themes\/woodmart\/images\/lazy.svg\" data-src='https:\/\/secure.gravatar.com\/avatar\/b7fdc25dc36109cf7d4f184ec9988c7f613c61aa0149f626f87418e80f038deb?s=18&#038;d=mm&#038;r=g' srcset=\"\" data-srcset='https:\/\/secure.gravatar.com\/avatar\/b7fdc25dc36109cf7d4f184ec9988c7f613c61aa0149f626f87418e80f038deb?s=36&#038;d=mm&#038;r=g 2x' class='avatar avatar-18 photo' height='18' width='18' decoding='async'\/>\t\t\n\t\t\t\t\t<a href=\"https:\/\/binbirgecemasallari.com\/author\/masalperisi\/\" class=\"author\" rel=\"author\">Masal Perisi<\/a>\n\t\t\t\t\t\t\t\t\t<\/div>\n\t\t\t\t\t<div class=\"wd-modified-date\">\n\t\t\t\t\t\t\t\t<time class=\"updated\" datetime=\"2024-09-18T23:25:32+03:00\">\n\t\t\t18 Eyl\u00fcl 2024\t\t<\/time>\n\t\t\t\t\t\t\t<\/div>\n\n\t\t\t\t\t\t\t\t\t\t\t<div class=\"wd-post-share wd-tltp\">\n\t\t\t\t\t\t\t<div class=\"tooltip top\">\n\t\t\t\t\t\t\t\t<div class=\"tooltip-inner\">\n\t\t\t\t\t\t\t\t\t\t\t\t<div\n\t\t\t\t\t\tclass=\" wd-social-icons wd-style-default wd-size-small social-share wd-shape-circle color-scheme-light text-center\">\n\t\t\t\t\n\t\t\t\t\n\t\t\t\t\n\t\t\t\t\n\t\t\t\t\n\t\t\t\t\n\t\t\t\t\n\t\t\t\t\n\t\t\t\t\n\t\t\t\t\t\t\t\t\t<a rel=\"noopener noreferrer nofollow\" href=\"https:\/\/pinterest.com\/pin\/create\/button\/?url=https:\/\/binbirgecemasallari.com\/category\/isme-ozel-masallar\/&media=https:\/\/binbirgecemasallari.com\/wp-content\/uploads\/2024\/09\/Kivancin-Buyulu-Uzay-Yolculugu-masal-oku-dinle.png&description=K%C4%B1van%C3%A7%E2%80%99%C4%B1n+Gezegenler+Aras%C4%B1+Maceras%C4%B1\" target=\"_blank\" class=\" wd-social-icon social-pinterest\" aria-label=\"Pinterest sosyal ba\u011flant\u0131s\u0131\">\n\t\t\t\t\t\t<span class=\"wd-icon\"><\/span>\n\t\t\t\t\t\t\t\t\t\t\t<\/a>\n\t\t\t\t\n\t\t\t\t\n\t\t\t\t\n\t\t\t\t\n\t\t\t\t\n\t\t\t\t\n\t\t\t\t\n\t\t\t\t\n\t\t\t\t\n\t\t\t\t\n\t\t\t\t\n\t\t\t\t\t\t\t\t\t<a rel=\"noopener noreferrer nofollow\" href=\"https:\/\/api.whatsapp.com\/send?text=https%3A%2F%2Fbinbirgecemasallari.com%2Fcategory%2Fisme-ozel-masallar%2F\" target=\"_blank\" class=\"wd-hide-md  wd-social-icon social-whatsapp\" aria-label=\"WhatsApp sosyal ba\u011flant\u0131s\u0131\">\n\t\t\t\t\t\t<span class=\"wd-icon\"><\/span>\n\t\t\t\t\t\t\t\t\t\t\t<\/a>\n\n\t\t\t\t\t<a rel=\"noopener noreferrer nofollow\" href=\"whatsapp:\/\/send?text=https%3A%2F%2Fbinbirgecemasallari.com%2Fcategory%2Fisme-ozel-masallar%2F\" target=\"_blank\" class=\"wd-hide-lg  wd-social-icon social-whatsapp\" aria-label=\"WhatsApp sosyal ba\u011flant\u0131s\u0131\">\n\t\t\t\t\t\t<span class=\"wd-icon\"><\/span>\n\t\t\t\t\t\t\t\t\t\t\t<\/a>\n\t\t\t\t\n\t\t\t\t\n\t\t\t\t\n\t\t\t\t\n\t\t\t\t\n\t\t\t\t\n\t\t\t\t\t\t\t\t\t<a rel=\"noopener noreferrer nofollow\" href=\"https:\/\/telegram.me\/share\/url?url=https:\/\/binbirgecemasallari.com\/category\/isme-ozel-masallar\/\" target=\"_blank\" class=\" wd-social-icon social-tg\" aria-label=\"Telegram sosyal medya linki\">\n\t\t\t\t\t\t<span class=\"wd-icon\"><\/span>\n\t\t\t\t\t\t\t\t\t\t\t<\/a>\n\t\t\t\t\n\t\t\t\t\n\t\t\t<\/div>\n\n\t\t\t\t\t\t\t\t\t\t<\/div>\n\t\t\t\t\t\t\t\t<div class=\"tooltip-arrow\"><\/div>\n\t\t\t\t\t\t\t<\/div>\n\t\t\t\t\t\t<\/div>\n\t\t\t\t\t\n\t\t\t\t\t\t\t\t\t<\/div>\n\t\t\t\n\t\t\t\t\t\t\t\t\t\t\t\t<div class=\"wd-post-excerpt entry-content\">\n\t\t\t\t\t\tK\u0131van\u00e7\u2019\u0131n uzay maceras\u0131, \u00e7ocuklara ke\u015ffetmenin ve \u00f6\u011frenmenin ne kadar b\u00fcy\u00fcleyici oldu\u011funu anlat\u0131r.\n\n\n\n\n\n\n\n\n\n\n\n\nBu Masal\u0131 dinlemek i\u00e7in ...\t\t\t\t\t<\/div>\n\t\t\t\t\n\t\t\t\t\t\t\t\t\t\t\t\t\t\t<div class=\"wd-post-read-more wd-style-link read-more-section\">\n\t\t\t\t\t\t<a class=\"\" href=\"https:\/\/binbirgecemasallari.com\/masal-oku-kivancin-gezegen-macerasi\/\">Masal\u0131 Oku<\/a>\t\t\t\t\t<\/div>\n\t\t\t\t\t\t\t\t\t\t\t\t\t<\/div>\n\t<\/div>\n<\/article>\n\n\t\t\t\t\t\t\t\t\t\t\t\n<article id=\"post-4037\" class=\"wd-post blog-design-masonry blog-post-loop blog-style-bg wd-add-shadow wd-col post-4037 post type-post status-publish format-standard has-post-thumbnail hentry category-isme-ozel-masallar category-2-yas-masallari category-3-yas-masallari category-4-yas-masallari category-5-yas-masallari category-6-yas-masallari category-futbol-masallari category-uyku-masallari tag-cocuk-masallari tag-futbol-masallari tag-isme-ozel-masal tag-kardes-hikayesi tag-kardes-masali tag-masal-dinle tag-masal-oku tag-uyku-masallari\">\n\t<div class=\"wd-post-inner article-inner\">\n\t\t\t\t\t<div class=\"wd-post-thumb entry-header\">\n\t\t\t\t\t\t\t\t\t<div class=\"wd-post-img post-img-wrapp\">\n\t\t\t\t\t\t<img width=\"1024\" height=\"1024\" src=\"https:\/\/binbirgecemasallari.com\/wp-content\/themes\/woodmart\/images\/lazy.svg\" class=\"attachment-large size-large\" alt=\"R\u00fczgar ve Pars\u2019\u0131n Fenerbah\u00e7e Maceras\u0131 masal oku\" decoding=\"async\" srcset=\"\" sizes=\"(max-width: 1024px) 100vw, 1024px\" data-src=\"https:\/\/binbirgecemasallari.com\/wp-content\/uploads\/2024\/09\/Ruzgar-ve-Parsin-Fenerbahce-Macerasi-masal-oku-5-1024x1024.png\" data-srcset=\"https:\/\/binbirgecemasallari.com\/wp-content\/uploads\/2024\/09\/Ruzgar-ve-Parsin-Fenerbahce-Macerasi-masal-oku-5-1024x1024.png 1024w, https:\/\/binbirgecemasallari.com\/wp-content\/uploads\/2024\/09\/Ruzgar-ve-Parsin-Fenerbahce-Macerasi-masal-oku-5-300x300.png 300w, https:\/\/binbirgecemasallari.com\/wp-content\/uploads\/2024\/09\/Ruzgar-ve-Parsin-Fenerbahce-Macerasi-masal-oku-5-150x150.png 150w, https:\/\/binbirgecemasallari.com\/wp-content\/uploads\/2024\/09\/Ruzgar-ve-Parsin-Fenerbahce-Macerasi-masal-oku-5-768x768.png 768w, https:\/\/binbirgecemasallari.com\/wp-content\/uploads\/2024\/09\/Ruzgar-ve-Parsin-Fenerbahce-Macerasi-masal-oku-5-600x600.png 600w, https:\/\/binbirgecemasallari.com\/wp-content\/uploads\/2024\/09\/Ruzgar-ve-Parsin-Fenerbahce-Macerasi-masal-oku-5.png 1080w\" \/>\t\t\t\t\t<\/div>\n\t\t\t\t\t<a class=\"wd-fill\" href=\"https:\/\/binbirgecemasallari.com\/masal-oku-ruzgar-ve-parsin-futbol-macerasi\/\"><\/a>\n\t\t\t\t\n\t\t\t\t\t\t\t\t\t\t\t\t<div class=\"wd-post-date wd-style-with-bg\">\n\t\t\t\t<span class=\"post-date-day\">\n\t\t\t\t\t18\t\t\t\t<\/span>\n\t\t\t\t<span class=\"post-date-month\">\n\t\t\t\t\tEyl\t\t\t\t<\/span>\n\t\t\t<\/div>\n\t\t\t\t\t\t\t\t\t<\/div>\n\t\t\n\t\t<div class=\"wd-post-content article-body-container\">\n\t\t\t\t\t\t\t<div class=\"wd-post-cat wd-style-with-bg meta-post-categories\">\n\t\t\t\t\t<a href=\"https:\/\/binbirgecemasallari.com\/category\/isme-ozel-masallar\/\" rel=\"category tag\">\u0130sme \u00d6zel Masallar<\/a>, <a href=\"https:\/\/binbirgecemasallari.com\/category\/2-yas-masallari\/\" rel=\"category tag\">2 Ya\u015f Masallar\u0131<\/a>, <a href=\"https:\/\/binbirgecemasallari.com\/category\/3-yas-masallari\/\" rel=\"category tag\">3 Ya\u015f Masallar\u0131<\/a>, <a href=\"https:\/\/binbirgecemasallari.com\/category\/4-yas-masallari\/\" rel=\"category tag\">4 Ya\u015f Masallar\u0131<\/a>, <a href=\"https:\/\/binbirgecemasallari.com\/category\/5-yas-masallari\/\" rel=\"category tag\">5 Ya\u015f Masallar\u0131<\/a>, <a href=\"https:\/\/binbirgecemasallari.com\/category\/6-yas-masallari\/\" rel=\"category tag\">6 Ya\u015f Masallar\u0131<\/a>, <a href=\"https:\/\/binbirgecemasallari.com\/category\/futbol-masallari\/\" rel=\"category tag\">Futbol Masallar\u0131<\/a>, <a href=\"https:\/\/binbirgecemasallari.com\/category\/uyku-masallari\/\" rel=\"category tag\">Uyku Masallar\u0131<\/a>\t\t\t\t<\/div>\n\t\t\t\n\t\t\t\t\t\t\t<h3 class=\"wd-post-title wd-entities-title title post-title\">\n\t\t\t\t\t<a href=\"https:\/\/binbirgecemasallari.com\/masal-oku-ruzgar-ve-parsin-futbol-macerasi\/\" rel=\"bookmark\">R\u00fczgar ve Pars\u2019\u0131n Fenerbah\u00e7e Maceras\u0131<\/a>\n\t\t\t\t<\/h3>\n\t\t\t\n\t\t\t\t\t\t\t<div class=\"wd-post-meta\">\n\t\t\t\t\t\t\t\t\t\t\t\t\t\t\t<div class=\"wd-post-author\">\n\t\t\t\t\t\t\t\t\t\t\t<span>Taraf\u0131ndan g\u00f6nderildi<\/span>\n\t\t\n\t\t\t\t\t<img alt='author-avatar' src=\"https:\/\/binbirgecemasallari.com\/wp-content\/themes\/woodmart\/images\/lazy.svg\" data-src='https:\/\/secure.gravatar.com\/avatar\/b7fdc25dc36109cf7d4f184ec9988c7f613c61aa0149f626f87418e80f038deb?s=18&#038;d=mm&#038;r=g' srcset=\"\" data-srcset='https:\/\/secure.gravatar.com\/avatar\/b7fdc25dc36109cf7d4f184ec9988c7f613c61aa0149f626f87418e80f038deb?s=36&#038;d=mm&#038;r=g 2x' class='avatar avatar-18 photo' height='18' width='18' decoding='async'\/>\t\t\n\t\t\t\t\t<a href=\"https:\/\/binbirgecemasallari.com\/author\/masalperisi\/\" class=\"author\" rel=\"author\">Masal Perisi<\/a>\n\t\t\t\t\t\t\t\t\t<\/div>\n\t\t\t\t\t<div class=\"wd-modified-date\">\n\t\t\t\t\t\t\t\t<time class=\"updated\" datetime=\"2024-09-18T23:18:21+03:00\">\n\t\t\t18 Eyl\u00fcl 2024\t\t<\/time>\n\t\t\t\t\t\t\t<\/div>\n\n\t\t\t\t\t\t\t\t\t\t\t<div class=\"wd-post-share wd-tltp\">\n\t\t\t\t\t\t\t<div class=\"tooltip top\">\n\t\t\t\t\t\t\t\t<div class=\"tooltip-inner\">\n\t\t\t\t\t\t\t\t\t\t\t\t<div\n\t\t\t\t\t\tclass=\" wd-social-icons wd-style-default wd-size-small social-share wd-shape-circle color-scheme-light text-center\">\n\t\t\t\t\n\t\t\t\t\n\t\t\t\t\n\t\t\t\t\n\t\t\t\t\n\t\t\t\t\n\t\t\t\t\n\t\t\t\t\n\t\t\t\t\n\t\t\t\t\t\t\t\t\t<a rel=\"noopener noreferrer nofollow\" href=\"https:\/\/pinterest.com\/pin\/create\/button\/?url=https:\/\/binbirgecemasallari.com\/category\/isme-ozel-masallar\/&media=https:\/\/binbirgecemasallari.com\/wp-content\/uploads\/2024\/09\/Ruzgar-ve-Parsin-Fenerbahce-Macerasi-masal-oku-5.png&description=R%C3%BCzgar+ve+Pars%E2%80%99%C4%B1n+Fenerbah%C3%A7e+Maceras%C4%B1\" target=\"_blank\" class=\" wd-social-icon social-pinterest\" aria-label=\"Pinterest sosyal ba\u011flant\u0131s\u0131\">\n\t\t\t\t\t\t<span class=\"wd-icon\"><\/span>\n\t\t\t\t\t\t\t\t\t\t\t<\/a>\n\t\t\t\t\n\t\t\t\t\n\t\t\t\t\n\t\t\t\t\n\t\t\t\t\n\t\t\t\t\n\t\t\t\t\n\t\t\t\t\n\t\t\t\t\n\t\t\t\t\n\t\t\t\t\n\t\t\t\t\t\t\t\t\t<a rel=\"noopener noreferrer nofollow\" href=\"https:\/\/api.whatsapp.com\/send?text=https%3A%2F%2Fbinbirgecemasallari.com%2Fcategory%2Fisme-ozel-masallar%2F\" target=\"_blank\" class=\"wd-hide-md  wd-social-icon social-whatsapp\" aria-label=\"WhatsApp sosyal ba\u011flant\u0131s\u0131\">\n\t\t\t\t\t\t<span class=\"wd-icon\"><\/span>\n\t\t\t\t\t\t\t\t\t\t\t<\/a>\n\n\t\t\t\t\t<a rel=\"noopener noreferrer nofollow\" href=\"whatsapp:\/\/send?text=https%3A%2F%2Fbinbirgecemasallari.com%2Fcategory%2Fisme-ozel-masallar%2F\" target=\"_blank\" class=\"wd-hide-lg  wd-social-icon social-whatsapp\" aria-label=\"WhatsApp sosyal ba\u011flant\u0131s\u0131\">\n\t\t\t\t\t\t<span class=\"wd-icon\"><\/span>\n\t\t\t\t\t\t\t\t\t\t\t<\/a>\n\t\t\t\t\n\t\t\t\t\n\t\t\t\t\n\t\t\t\t\n\t\t\t\t\n\t\t\t\t\n\t\t\t\t\t\t\t\t\t<a rel=\"noopener noreferrer nofollow\" href=\"https:\/\/telegram.me\/share\/url?url=https:\/\/binbirgecemasallari.com\/category\/isme-ozel-masallar\/\" target=\"_blank\" class=\" wd-social-icon social-tg\" aria-label=\"Telegram sosyal medya linki\">\n\t\t\t\t\t\t<span class=\"wd-icon\"><\/span>\n\t\t\t\t\t\t\t\t\t\t\t<\/a>\n\t\t\t\t\n\t\t\t\t\n\t\t\t<\/div>\n\n\t\t\t\t\t\t\t\t\t\t<\/div>\n\t\t\t\t\t\t\t\t<div class=\"tooltip-arrow\"><\/div>\n\t\t\t\t\t\t\t<\/div>\n\t\t\t\t\t\t<\/div>\n\t\t\t\t\t\n\t\t\t\t\t\t\t\t\t<\/div>\n\t\t\t\n\t\t\t\t\t\t\t\t\t\t\t\t<div class=\"wd-post-excerpt entry-content\">\n\t\t\t\t\t\tR\u00fczgar ve Pars\u2019\u0131n hikayesi, birlikte \u00e7al\u0131\u015fman\u0131n ve destek olman\u0131n ne kadar de\u011ferli oldu\u011funu anlat\u0131r.\n\n\n\n\n\n\n\n\n\n\n\n\nBu Masal\u0131 dinlemek i\u00e7i...\t\t\t\t\t<\/div>\n\t\t\t\t\n\t\t\t\t\t\t\t\t\t\t\t\t\t\t<div class=\"wd-post-read-more wd-style-link read-more-section\">\n\t\t\t\t\t\t<a class=\"\" href=\"https:\/\/binbirgecemasallari.com\/masal-oku-ruzgar-ve-parsin-futbol-macerasi\/\">Masal\u0131 Oku<\/a>\t\t\t\t\t<\/div>\n\t\t\t\t\t\t\t\t\t\t\t\t\t<\/div>\n\t<\/div>\n<\/article>\n\n\t\t\t\t\t\t\t\t\t\t\t\n<article id=\"post-4036\" class=\"wd-post blog-design-masonry blog-post-loop blog-style-bg wd-add-shadow wd-col post-4036 post type-post status-publish format-standard has-post-thumbnail hentry category-isme-ozel-masallar category-2-yas-masallari category-3-yas-masallari category-4-yas-masallari category-5-yas-masallari category-bebek-masallari category-bilim-kurgu-masallari category-fantastik-masallar category-uyku-masallari tag-cocuk-masallari tag-isme-ozel-masal tag-masal-dinle tag-masal-oku tag-uyku-masallari tag-uzay-masallari\">\n\t<div class=\"wd-post-inner article-inner\">\n\t\t\t\t\t<div class=\"wd-post-thumb entry-header\">\n\t\t\t\t\t\t\t\t\t<div class=\"wd-post-img post-img-wrapp\">\n\t\t\t\t\t\t<img width=\"1024\" height=\"1024\" src=\"https:\/\/binbirgecemasallari.com\/wp-content\/themes\/woodmart\/images\/lazy.svg\" class=\"attachment-large size-large\" alt=\"Kerim Asaf\u2019\u0131n Uzay Maceras\u0131 masal oku\" decoding=\"async\" srcset=\"\" sizes=\"(max-width: 1024px) 100vw, 1024px\" data-src=\"https:\/\/binbirgecemasallari.com\/wp-content\/uploads\/2024\/09\/Kerim-Asafin-Uzay-Macerasi-masal-oku-3.webp\" data-srcset=\"https:\/\/binbirgecemasallari.com\/wp-content\/uploads\/2024\/09\/Kerim-Asafin-Uzay-Macerasi-masal-oku-3.webp 1024w, https:\/\/binbirgecemasallari.com\/wp-content\/uploads\/2024\/09\/Kerim-Asafin-Uzay-Macerasi-masal-oku-3-300x300.webp 300w, https:\/\/binbirgecemasallari.com\/wp-content\/uploads\/2024\/09\/Kerim-Asafin-Uzay-Macerasi-masal-oku-3-150x150.webp 150w, https:\/\/binbirgecemasallari.com\/wp-content\/uploads\/2024\/09\/Kerim-Asafin-Uzay-Macerasi-masal-oku-3-768x768.webp 768w, https:\/\/binbirgecemasallari.com\/wp-content\/uploads\/2024\/09\/Kerim-Asafin-Uzay-Macerasi-masal-oku-3-600x600.webp 600w\" \/>\t\t\t\t\t<\/div>\n\t\t\t\t\t<a class=\"wd-fill\" href=\"https:\/\/binbirgecemasallari.com\/masal-oku-kerim-asafin-uzay-macerasi\/\"><\/a>\n\t\t\t\t\n\t\t\t\t\t\t\t\t\t\t\t\t<div class=\"wd-post-date wd-style-with-bg\">\n\t\t\t\t<span class=\"post-date-day\">\n\t\t\t\t\t18\t\t\t\t<\/span>\n\t\t\t\t<span class=\"post-date-month\">\n\t\t\t\t\tEyl\t\t\t\t<\/span>\n\t\t\t<\/div>\n\t\t\t\t\t\t\t\t\t<\/div>\n\t\t\n\t\t<div class=\"wd-post-content article-body-container\">\n\t\t\t\t\t\t\t<div class=\"wd-post-cat wd-style-with-bg meta-post-categories\">\n\t\t\t\t\t<a href=\"https:\/\/binbirgecemasallari.com\/category\/isme-ozel-masallar\/\" rel=\"category tag\">\u0130sme \u00d6zel Masallar<\/a>, <a href=\"https:\/\/binbirgecemasallari.com\/category\/2-yas-masallari\/\" rel=\"category tag\">2 Ya\u015f Masallar\u0131<\/a>, <a href=\"https:\/\/binbirgecemasallari.com\/category\/3-yas-masallari\/\" rel=\"category tag\">3 Ya\u015f Masallar\u0131<\/a>, <a href=\"https:\/\/binbirgecemasallari.com\/category\/4-yas-masallari\/\" rel=\"category tag\">4 Ya\u015f Masallar\u0131<\/a>, <a href=\"https:\/\/binbirgecemasallari.com\/category\/5-yas-masallari\/\" rel=\"category tag\">5 Ya\u015f Masallar\u0131<\/a>, <a href=\"https:\/\/binbirgecemasallari.com\/category\/bebek-masallari\/\" rel=\"category tag\">Bebek Masallar\u0131<\/a>, <a href=\"https:\/\/binbirgecemasallari.com\/category\/bilim-kurgu-masallari\/\" rel=\"category tag\">Bilim Kurgu Masallar\u0131<\/a>, <a href=\"https:\/\/binbirgecemasallari.com\/category\/fantastik-masallar\/\" rel=\"category tag\">Fantastik Masallar<\/a>, <a href=\"https:\/\/binbirgecemasallari.com\/category\/uyku-masallari\/\" rel=\"category tag\">Uyku Masallar\u0131<\/a>\t\t\t\t<\/div>\n\t\t\t\n\t\t\t\t\t\t\t<h3 class=\"wd-post-title wd-entities-title title post-title\">\n\t\t\t\t\t<a href=\"https:\/\/binbirgecemasallari.com\/masal-oku-kerim-asafin-uzay-macerasi\/\" rel=\"bookmark\">Kerim Asaf\u2019\u0131n Uzay Maceras\u0131<\/a>\n\t\t\t\t<\/h3>\n\t\t\t\n\t\t\t\t\t\t\t<div class=\"wd-post-meta\">\n\t\t\t\t\t\t\t\t\t\t\t\t\t\t\t<div class=\"wd-post-author\">\n\t\t\t\t\t\t\t\t\t\t\t<span>Taraf\u0131ndan g\u00f6nderildi<\/span>\n\t\t\n\t\t\t\t\t<img alt='author-avatar' src=\"https:\/\/binbirgecemasallari.com\/wp-content\/themes\/woodmart\/images\/lazy.svg\" data-src='https:\/\/secure.gravatar.com\/avatar\/b7fdc25dc36109cf7d4f184ec9988c7f613c61aa0149f626f87418e80f038deb?s=18&#038;d=mm&#038;r=g' srcset=\"\" data-srcset='https:\/\/secure.gravatar.com\/avatar\/b7fdc25dc36109cf7d4f184ec9988c7f613c61aa0149f626f87418e80f038deb?s=36&#038;d=mm&#038;r=g 2x' class='avatar avatar-18 photo' height='18' width='18' decoding='async'\/>\t\t\n\t\t\t\t\t<a href=\"https:\/\/binbirgecemasallari.com\/author\/masalperisi\/\" class=\"author\" rel=\"author\">Masal Perisi<\/a>\n\t\t\t\t\t\t\t\t\t<\/div>\n\t\t\t\t\t<div class=\"wd-modified-date\">\n\t\t\t\t\t\t\t\t<time class=\"updated\" datetime=\"2024-09-18T23:27:39+03:00\">\n\t\t\t18 Eyl\u00fcl 2024\t\t<\/time>\n\t\t\t\t\t\t\t<\/div>\n\n\t\t\t\t\t\t\t\t\t\t\t<div class=\"wd-post-share wd-tltp\">\n\t\t\t\t\t\t\t<div class=\"tooltip top\">\n\t\t\t\t\t\t\t\t<div class=\"tooltip-inner\">\n\t\t\t\t\t\t\t\t\t\t\t\t<div\n\t\t\t\t\t\tclass=\" wd-social-icons wd-style-default wd-size-small social-share wd-shape-circle color-scheme-light text-center\">\n\t\t\t\t\n\t\t\t\t\n\t\t\t\t\n\t\t\t\t\n\t\t\t\t\n\t\t\t\t\n\t\t\t\t\n\t\t\t\t\n\t\t\t\t\n\t\t\t\t\t\t\t\t\t<a rel=\"noopener noreferrer nofollow\" href=\"https:\/\/pinterest.com\/pin\/create\/button\/?url=https:\/\/binbirgecemasallari.com\/category\/isme-ozel-masallar\/&media=https:\/\/binbirgecemasallari.com\/wp-content\/uploads\/2024\/09\/Kerim-Asafin-Uzay-Macerasi-masal-oku-3.webp&description=Kerim+Asaf%E2%80%99%C4%B1n+Uzay+Maceras%C4%B1\" target=\"_blank\" class=\" wd-social-icon social-pinterest\" aria-label=\"Pinterest sosyal ba\u011flant\u0131s\u0131\">\n\t\t\t\t\t\t<span class=\"wd-icon\"><\/span>\n\t\t\t\t\t\t\t\t\t\t\t<\/a>\n\t\t\t\t\n\t\t\t\t\n\t\t\t\t\n\t\t\t\t\n\t\t\t\t\n\t\t\t\t\n\t\t\t\t\n\t\t\t\t\n\t\t\t\t\n\t\t\t\t\n\t\t\t\t\n\t\t\t\t\t\t\t\t\t<a rel=\"noopener noreferrer nofollow\" href=\"https:\/\/api.whatsapp.com\/send?text=https%3A%2F%2Fbinbirgecemasallari.com%2Fcategory%2Fisme-ozel-masallar%2F\" target=\"_blank\" class=\"wd-hide-md  wd-social-icon social-whatsapp\" aria-label=\"WhatsApp sosyal ba\u011flant\u0131s\u0131\">\n\t\t\t\t\t\t<span class=\"wd-icon\"><\/span>\n\t\t\t\t\t\t\t\t\t\t\t<\/a>\n\n\t\t\t\t\t<a rel=\"noopener noreferrer nofollow\" href=\"whatsapp:\/\/send?text=https%3A%2F%2Fbinbirgecemasallari.com%2Fcategory%2Fisme-ozel-masallar%2F\" target=\"_blank\" class=\"wd-hide-lg  wd-social-icon social-whatsapp\" aria-label=\"WhatsApp sosyal ba\u011flant\u0131s\u0131\">\n\t\t\t\t\t\t<span class=\"wd-icon\"><\/span>\n\t\t\t\t\t\t\t\t\t\t\t<\/a>\n\t\t\t\t\n\t\t\t\t\n\t\t\t\t\n\t\t\t\t\n\t\t\t\t\n\t\t\t\t\n\t\t\t\t\t\t\t\t\t<a rel=\"noopener noreferrer nofollow\" href=\"https:\/\/telegram.me\/share\/url?url=https:\/\/binbirgecemasallari.com\/category\/isme-ozel-masallar\/\" target=\"_blank\" class=\" wd-social-icon social-tg\" aria-label=\"Telegram sosyal medya linki\">\n\t\t\t\t\t\t<span class=\"wd-icon\"><\/span>\n\t\t\t\t\t\t\t\t\t\t\t<\/a>\n\t\t\t\t\n\t\t\t\t\n\t\t\t<\/div>\n\n\t\t\t\t\t\t\t\t\t\t<\/div>\n\t\t\t\t\t\t\t\t<div class=\"tooltip-arrow\"><\/div>\n\t\t\t\t\t\t\t<\/div>\n\t\t\t\t\t\t<\/div>\n\t\t\t\t\t\n\t\t\t\t\t\t\t\t\t<\/div>\n\t\t\t\n\t\t\t\t\t\t\t\t\t\t\t\t<div class=\"wd-post-excerpt entry-content\">\n\t\t\t\t\t\tBu masal, \u00e7ocuklara hayal kurman\u0131n ve merak etmenin ne kadar \u00f6nemli oldu\u011funu anlat\u0131r. Kerim Asaf, r\u00fcyas\u0131nda gezegenleri ke\u015ffederek uzay...\t\t\t\t\t<\/div>\n\t\t\t\t\n\t\t\t\t\t\t\t\t\t\t\t\t\t\t<div class=\"wd-post-read-more wd-style-link read-more-section\">\n\t\t\t\t\t\t<a class=\"\" href=\"https:\/\/binbirgecemasallari.com\/masal-oku-kerim-asafin-uzay-macerasi\/\">Masal\u0131 Oku<\/a>\t\t\t\t\t<\/div>\n\t\t\t\t\t\t\t\t\t\t\t\t\t<\/div>\n\t<\/div>\n<\/article>\n\n\t\t\t\t\t\n\t\t\t\t\t","status":"have-posts","nextPage":"https:\/\/binbirgecemasallari.com\/category\/isme-ozel-masallar\/page\/9\/?woo_ajax=1","currentPage":"https:\/\/binbirgecemasallari.com\/category\/isme-ozel-masallar\/page\/8"}