
			
				

					
				

			
		{"items":"\n\t\t\t\t\t\t\t\t\t\t\t\n<article id=\"post-3661\" class=\"wd-post blog-design-masonry blog-post-loop blog-style-bg wd-add-shadow wd-col post-3661 post type-post status-publish format-standard has-post-thumbnail hentry category-isme-ozel-masallar category-2-yas-masallari category-3-yas-masallari category-4-yas-masallari category-5-yas-masallari category-6-yas-masallari category-bebek-masallari category-bilim-kurgu-masallari category-egitici-masallar category-fantastik-masallar category-uyku-masallari tag-cocuk-masallari tag-isme-ozel-masal tag-masal-dinle tag-masal-oku tag-uzay-masallari\">\n\t<div class=\"wd-post-inner article-inner\">\n\t\t\t\t\t<div class=\"wd-post-thumb entry-header\">\n\t\t\t\t\t\t\t\t\t<div class=\"wd-post-img post-img-wrapp\">\n\t\t\t\t\t\t<img width=\"1024\" height=\"1024\" src=\"https:\/\/binbirgecemasallari.com\/wp-content\/themes\/woodmart\/images\/lazy.svg\" class=\"attachment-large size-large\" alt=\"gezegen masal oku\" decoding=\"async\" srcset=\"\" sizes=\"(max-width: 1024px) 100vw, 1024px\" data-src=\"https:\/\/binbirgecemasallari.com\/wp-content\/uploads\/2024\/09\/osman-ege-masal-oku.jpg\" data-srcset=\"https:\/\/binbirgecemasallari.com\/wp-content\/uploads\/2024\/09\/osman-ege-masal-oku.jpg 1024w, https:\/\/binbirgecemasallari.com\/wp-content\/uploads\/2024\/09\/osman-ege-masal-oku-300x300.jpg 300w, https:\/\/binbirgecemasallari.com\/wp-content\/uploads\/2024\/09\/osman-ege-masal-oku-150x150.jpg 150w, https:\/\/binbirgecemasallari.com\/wp-content\/uploads\/2024\/09\/osman-ege-masal-oku-768x768.jpg 768w, https:\/\/binbirgecemasallari.com\/wp-content\/uploads\/2024\/09\/osman-ege-masal-oku-600x600.jpg 600w\" \/>\t\t\t\t\t<\/div>\n\t\t\t\t\t<a class=\"wd-fill\" href=\"https:\/\/binbirgecemasallari.com\/masal-oku-ege-ve-gezegenler-arasi-macera\/\"><\/a>\n\t\t\t\t\n\t\t\t\t\t\t\t\t\t\t\t\t<link rel=\"stylesheet\" id=\"wd-post-types-mod-date-style-bg-css\" href=\"https:\/\/binbirgecemasallari.com\/wp-content\/themes\/woodmart\/css\/parts\/post-types-mod-date-style-bg.min.css?ver=8.2.7\" type=\"text\/css\" media=\"all\" \/> \t\t\t\t\t\t<div class=\"wd-post-date wd-style-with-bg\">\n\t\t\t\t<span class=\"post-date-day\">\n\t\t\t\t\t13\t\t\t\t<\/span>\n\t\t\t\t<span class=\"post-date-month\">\n\t\t\t\t\tEyl\t\t\t\t<\/span>\n\t\t\t<\/div>\n\t\t\t\t\t\t\t\t\t<\/div>\n\t\t\n\t\t<div class=\"wd-post-content article-body-container\">\n\t\t\t\n\t\t\t\t\t\t\t<h3 class=\"wd-post-title wd-entities-title title post-title\">\n\t\t\t\t\t<a href=\"https:\/\/binbirgecemasallari.com\/masal-oku-ege-ve-gezegenler-arasi-macera\/\" rel=\"bookmark\">Osman Ege ve Gezegenler Aras\u0131 Macera<\/a>\n\t\t\t\t<\/h3>\n\t\t\t\n\t\t\t\n\t\t\t\t\t\t\t\n\t\t\t\t\t\t\t\t\t<\/div>\n\t<\/div>\n<\/article>\n\n\t\t\t\t\t\t\t\t\t\t\t\n<article id=\"post-3659\" class=\"wd-post blog-design-masonry blog-post-loop blog-style-bg wd-add-shadow wd-col post-3659 post type-post status-publish format-standard has-post-thumbnail hentry category-isme-ozel-masallar category-2-yas-masallari category-3-yas-masallari category-4-yas-masallari category-5-yas-masallari category-6-yas-masallari category-7-yas-masallari category-bebek-masallari category-doga-ve-cevre-masallari category-fantastik-masallar category-uyku-masallari tag-araba-masallari tag-cocuk-masallari tag-doga-masallari tag-isme-ozel-masal tag-masal-dinle tag-masal-oku tag-uyku-masallari\">\n\t<div class=\"wd-post-inner article-inner\">\n\t\t\t\t\t<div class=\"wd-post-thumb entry-header\">\n\t\t\t\t\t\t\t\t\t<div class=\"wd-post-img post-img-wrapp\">\n\t\t\t\t\t\t<img width=\"1024\" height=\"1024\" src=\"https:\/\/binbirgecemasallari.com\/wp-content\/themes\/woodmart\/images\/lazy.svg\" class=\"attachment-large size-large\" alt=\"trakt\u00f6r arabalar masal oku\" decoding=\"async\" srcset=\"\" sizes=\"(max-width: 1024px) 100vw, 1024px\" data-src=\"https:\/\/binbirgecemasallari.com\/wp-content\/uploads\/2024\/09\/metehan-masal-oku.jpg\" data-srcset=\"https:\/\/binbirgecemasallari.com\/wp-content\/uploads\/2024\/09\/metehan-masal-oku.jpg 1024w, https:\/\/binbirgecemasallari.com\/wp-content\/uploads\/2024\/09\/metehan-masal-oku-300x300.jpg 300w, https:\/\/binbirgecemasallari.com\/wp-content\/uploads\/2024\/09\/metehan-masal-oku-150x150.jpg 150w, https:\/\/binbirgecemasallari.com\/wp-content\/uploads\/2024\/09\/metehan-masal-oku-768x768.jpg 768w, https:\/\/binbirgecemasallari.com\/wp-content\/uploads\/2024\/09\/metehan-masal-oku-600x600.jpg 600w\" \/>\t\t\t\t\t<\/div>\n\t\t\t\t\t<a class=\"wd-fill\" href=\"https:\/\/binbirgecemasallari.com\/masal-oku-arabalarla-dogada-kesif\/\"><\/a>\n\t\t\t\t\n\t\t\t\t\t\t\t\t\t\t\t\t<div class=\"wd-post-date wd-style-with-bg\">\n\t\t\t\t<span class=\"post-date-day\">\n\t\t\t\t\t13\t\t\t\t<\/span>\n\t\t\t\t<span class=\"post-date-month\">\n\t\t\t\t\tEyl\t\t\t\t<\/span>\n\t\t\t<\/div>\n\t\t\t\t\t\t\t\t\t<\/div>\n\t\t\n\t\t<div class=\"wd-post-content article-body-container\">\n\t\t\t\n\t\t\t\t\t\t\t<h3 class=\"wd-post-title wd-entities-title title post-title\">\n\t\t\t\t\t<a href=\"https:\/\/binbirgecemasallari.com\/masal-oku-arabalarla-dogada-kesif\/\" rel=\"bookmark\">Metehan ve Arabalarla Do\u011fada Ke\u015fif<\/a>\n\t\t\t\t<\/h3>\n\t\t\t\n\t\t\t\n\t\t\t\t\t\t\t\n\t\t\t\t\t\t\t\t\t<\/div>\n\t<\/div>\n<\/article>\n\n\t\t\t\t\t\t\t\t\t\t\t\n<article id=\"post-3657\" class=\"wd-post blog-design-masonry blog-post-loop blog-style-bg wd-add-shadow wd-col post-3657 post type-post status-publish format-standard has-post-thumbnail hentry category-isme-ozel-masallar category-2-yas-masallari category-3-yas-masallari category-4-yas-masallari category-5-yas-masallari category-6-yas-masallari category-doga-ve-cevre-masallari category-egitici-masallar category-fantastik-masallar category-uyku-masallari tag-cocuk-masallari tag-doga-masallari tag-isme-ozel-masal tag-kukuli-masallari tag-masal-dinle tag-masal-oku tag-uyku-masallari\">\n\t<div class=\"wd-post-inner article-inner\">\n\t\t\t\t\t<div class=\"wd-post-thumb entry-header\">\n\t\t\t\t\t\t\t\t\t<div class=\"wd-post-img post-img-wrapp\">\n\t\t\t\t\t\t<img width=\"1024\" height=\"984\" src=\"https:\/\/binbirgecemasallari.com\/wp-content\/themes\/woodmart\/images\/lazy.svg\" class=\"attachment-large size-large\" alt=\"kukuli masal oku\" decoding=\"async\" srcset=\"\" sizes=\"(max-width: 1024px) 100vw, 1024px\" data-src=\"https:\/\/binbirgecemasallari.com\/wp-content\/uploads\/2024\/09\/oyku-sare-masal-oku.jpg\" data-srcset=\"https:\/\/binbirgecemasallari.com\/wp-content\/uploads\/2024\/09\/oyku-sare-masal-oku.jpg 1024w, https:\/\/binbirgecemasallari.com\/wp-content\/uploads\/2024\/09\/oyku-sare-masal-oku-300x288.jpg 300w, https:\/\/binbirgecemasallari.com\/wp-content\/uploads\/2024\/09\/oyku-sare-masal-oku-768x738.jpg 768w, https:\/\/binbirgecemasallari.com\/wp-content\/uploads\/2024\/09\/oyku-sare-masal-oku-600x577.jpg 600w, https:\/\/binbirgecemasallari.com\/wp-content\/uploads\/2024\/09\/oyku-sare-masal-oku-150x144.jpg 150w\" \/>\t\t\t\t\t<\/div>\n\t\t\t\t\t<a class=\"wd-fill\" href=\"https:\/\/binbirgecemasallari.com\/masal-oku-kukuli-ile-doga-macerasi\/\"><\/a>\n\t\t\t\t\n\t\t\t\t\t\t\t\t\t\t\t\t<div class=\"wd-post-date wd-style-with-bg\">\n\t\t\t\t<span class=\"post-date-day\">\n\t\t\t\t\t13\t\t\t\t<\/span>\n\t\t\t\t<span class=\"post-date-month\">\n\t\t\t\t\tEyl\t\t\t\t<\/span>\n\t\t\t<\/div>\n\t\t\t\t\t\t\t\t\t<\/div>\n\t\t\n\t\t<div class=\"wd-post-content article-body-container\">\n\t\t\t\n\t\t\t\t\t\t\t<h3 class=\"wd-post-title wd-entities-title title post-title\">\n\t\t\t\t\t<a href=\"https:\/\/binbirgecemasallari.com\/masal-oku-kukuli-ile-doga-macerasi\/\" rel=\"bookmark\">\u00d6yk\u00fc Sare ve Kukuli&#8217;nin Do\u011fa Maceras\u0131<\/a>\n\t\t\t\t<\/h3>\n\t\t\t\n\t\t\t\n\t\t\t\t\t\t\t\n\t\t\t\t\t\t\t\t\t<\/div>\n\t<\/div>\n<\/article>\n\n\t\t\t\t\t\t\t\t\t\t\t\n<article id=\"post-3639\" class=\"wd-post blog-design-masonry blog-post-loop blog-style-bg wd-add-shadow wd-col post-3639 post type-post status-publish format-standard has-post-thumbnail hentry category-isme-ozel-masallar category-2-yas-masallari category-3-yas-masallari category-4-yas-masallari category-5-yas-masallari category-6-yas-masallari category-7-yas-masallari category-bebek-masallari category-fantastik-masallar category-hayvan-masallari category-uyku-masallari tag-cocuk-masallari tag-doga-masallari tag-isme-ozel-masal tag-masal-dinle tag-masal-oku tag-uyku-masallari\">\n\t<div class=\"wd-post-inner article-inner\">\n\t\t\t\t\t<div class=\"wd-post-thumb entry-header\">\n\t\t\t\t\t\t\t\t\t<div class=\"wd-post-img post-img-wrapp\">\n\t\t\t\t\t\t<img width=\"1024\" height=\"1024\" src=\"https:\/\/binbirgecemasallari.com\/wp-content\/themes\/woodmart\/images\/lazy.svg\" class=\"attachment-large size-large\" alt=\"\u00c7\u0131nar ve \u00c7a\u011fan\u2019\u0131n B\u00fcy\u00fcl\u00fc Do\u011fa Maceras\u0131 masal oku\" decoding=\"async\" srcset=\"\" sizes=\"(max-width: 1024px) 100vw, 1024px\" data-src=\"https:\/\/binbirgecemasallari.com\/wp-content\/uploads\/2024\/09\/Cinar-ve-Caganin-Buyulu-Doga-Macerasi-masal-oku.jpg\" data-srcset=\"https:\/\/binbirgecemasallari.com\/wp-content\/uploads\/2024\/09\/Cinar-ve-Caganin-Buyulu-Doga-Macerasi-masal-oku.jpg 1024w, https:\/\/binbirgecemasallari.com\/wp-content\/uploads\/2024\/09\/Cinar-ve-Caganin-Buyulu-Doga-Macerasi-masal-oku-300x300.jpg 300w, https:\/\/binbirgecemasallari.com\/wp-content\/uploads\/2024\/09\/Cinar-ve-Caganin-Buyulu-Doga-Macerasi-masal-oku-150x150.jpg 150w, https:\/\/binbirgecemasallari.com\/wp-content\/uploads\/2024\/09\/Cinar-ve-Caganin-Buyulu-Doga-Macerasi-masal-oku-768x768.jpg 768w, https:\/\/binbirgecemasallari.com\/wp-content\/uploads\/2024\/09\/Cinar-ve-Caganin-Buyulu-Doga-Macerasi-masal-oku-600x600.jpg 600w\" \/>\t\t\t\t\t<\/div>\n\t\t\t\t\t<a class=\"wd-fill\" href=\"https:\/\/binbirgecemasallari.com\/masal-oku-cinar-ve-caganin-doga-macerasi\/\"><\/a>\n\t\t\t\t\n\t\t\t\t\t\t\t\t\t\t\t\t<div class=\"wd-post-date wd-style-with-bg\">\n\t\t\t\t<span class=\"post-date-day\">\n\t\t\t\t\t13\t\t\t\t<\/span>\n\t\t\t\t<span class=\"post-date-month\">\n\t\t\t\t\tEyl\t\t\t\t<\/span>\n\t\t\t<\/div>\n\t\t\t\t\t\t\t\t\t<\/div>\n\t\t\n\t\t<div class=\"wd-post-content article-body-container\">\n\t\t\t\n\t\t\t\t\t\t\t<h3 class=\"wd-post-title wd-entities-title title post-title\">\n\t\t\t\t\t<a href=\"https:\/\/binbirgecemasallari.com\/masal-oku-cinar-ve-caganin-doga-macerasi\/\" rel=\"bookmark\">\u00c7\u0131nar ve \u00c7a\u011fan\u2019\u0131n B\u00fcy\u00fcl\u00fc Do\u011fa Maceras\u0131<\/a>\n\t\t\t\t<\/h3>\n\t\t\t\n\t\t\t\n\t\t\t\t\t\t\t\n\t\t\t\t\t\t\t\t\t<\/div>\n\t<\/div>\n<\/article>\n\n\t\t\t\t\t\t\t\t\t\t\t\n<article id=\"post-3638\" class=\"wd-post blog-design-masonry blog-post-loop blog-style-bg wd-add-shadow wd-col post-3638 post type-post status-publish format-standard has-post-thumbnail hentry category-isme-ozel-masallar category-2-yas-masallari category-3-yas-masallari category-4-yas-masallari category-5-yas-masallari category-6-yas-masallari category-bebek-masallari category-doga-ve-cevre-masallari category-fantastik-masallar category-uyku-masallari tag-cocuk-masallari tag-hayvan-masali tag-isme-ozel-masal tag-kardes-hikayesi tag-kardes-masali tag-masal-dinle tag-masal-oku tag-uyku-masallari\">\n\t<div class=\"wd-post-inner article-inner\">\n\t\t\t\t\t<div class=\"wd-post-thumb entry-header\">\n\t\t\t\t\t\t\t\t\t<div class=\"wd-post-img post-img-wrapp\">\n\t\t\t\t\t\t<img width=\"1024\" height=\"1024\" src=\"https:\/\/binbirgecemasallari.com\/wp-content\/themes\/woodmart\/images\/lazy.svg\" class=\"attachment-large size-large\" alt=\"Esila ve Almila\u2019n\u0131n Hayvanlarla Su Maceras\u0131 masal oku\" decoding=\"async\" srcset=\"\" sizes=\"(max-width: 1024px) 100vw, 1024px\" data-src=\"https:\/\/binbirgecemasallari.com\/wp-content\/uploads\/2024\/09\/Esila-ve-Almilanin-Hayvanlarla-Su-Macerasi-masal-oku.jpg\" data-srcset=\"https:\/\/binbirgecemasallari.com\/wp-content\/uploads\/2024\/09\/Esila-ve-Almilanin-Hayvanlarla-Su-Macerasi-masal-oku.jpg 1024w, https:\/\/binbirgecemasallari.com\/wp-content\/uploads\/2024\/09\/Esila-ve-Almilanin-Hayvanlarla-Su-Macerasi-masal-oku-300x300.jpg 300w, https:\/\/binbirgecemasallari.com\/wp-content\/uploads\/2024\/09\/Esila-ve-Almilanin-Hayvanlarla-Su-Macerasi-masal-oku-150x150.jpg 150w, https:\/\/binbirgecemasallari.com\/wp-content\/uploads\/2024\/09\/Esila-ve-Almilanin-Hayvanlarla-Su-Macerasi-masal-oku-768x768.jpg 768w, https:\/\/binbirgecemasallari.com\/wp-content\/uploads\/2024\/09\/Esila-ve-Almilanin-Hayvanlarla-Su-Macerasi-masal-oku-600x600.jpg 600w\" \/>\t\t\t\t\t<\/div>\n\t\t\t\t\t<a class=\"wd-fill\" href=\"https:\/\/binbirgecemasallari.com\/masal-oku-esila-ve-almilanin-su-macerasi\/\"><\/a>\n\t\t\t\t\n\t\t\t\t\t\t\t\t\t\t\t\t<div class=\"wd-post-date wd-style-with-bg\">\n\t\t\t\t<span class=\"post-date-day\">\n\t\t\t\t\t13\t\t\t\t<\/span>\n\t\t\t\t<span class=\"post-date-month\">\n\t\t\t\t\tEyl\t\t\t\t<\/span>\n\t\t\t<\/div>\n\t\t\t\t\t\t\t\t\t<\/div>\n\t\t\n\t\t<div class=\"wd-post-content article-body-container\">\n\t\t\t\n\t\t\t\t\t\t\t<h3 class=\"wd-post-title wd-entities-title title post-title\">\n\t\t\t\t\t<a href=\"https:\/\/binbirgecemasallari.com\/masal-oku-esila-ve-almilanin-su-macerasi\/\" rel=\"bookmark\">Esila ve Almila\u2019n\u0131n Hayvanlarla Su Maceras\u0131<\/a>\n\t\t\t\t<\/h3>\n\t\t\t\n\t\t\t\n\t\t\t\t\t\t\t\n\t\t\t\t\t\t\t\t\t<\/div>\n\t<\/div>\n<\/article>\n\n\t\t\t\t\t\t\t\t\t\t\t\n<article id=\"post-3637\" class=\"wd-post blog-design-masonry blog-post-loop blog-style-bg wd-add-shadow wd-col post-3637 post type-post status-publish format-standard has-post-thumbnail hentry category-isme-ozel-masallar category-2-yas-masallari category-3-yas-masallari category-4-yas-masallari category-5-yas-masallari category-6-yas-masallari category-7-yas-masallari category-doga-ve-cevre-masallari category-fantastik-masallar category-uyku-masallari tag-cocuk-masallari tag-fantastik-masallar tag-isme-ozel-masal tag-masal-dinle tag-masal-oku tag-uyku-masallari\">\n\t<div class=\"wd-post-inner article-inner\">\n\t\t\t\t\t<div class=\"wd-post-thumb entry-header\">\n\t\t\t\t\t\t\t\t\t<div class=\"wd-post-img post-img-wrapp\">\n\t\t\t\t\t\t<img width=\"1024\" height=\"1024\" src=\"https:\/\/binbirgecemasallari.com\/wp-content\/themes\/woodmart\/images\/lazy.svg\" class=\"attachment-large size-large\" alt=\"Renkli Krall\u0131k ve G\u00fcl\u00fc\u015f Perisi Almila masal oku\" decoding=\"async\" srcset=\"\" sizes=\"(max-width: 1024px) 100vw, 1024px\" data-src=\"https:\/\/binbirgecemasallari.com\/wp-content\/uploads\/2024\/09\/Renkli-Krallik-ve-Gulus-Perisi-Almila-masal-oku.jpg\" data-srcset=\"https:\/\/binbirgecemasallari.com\/wp-content\/uploads\/2024\/09\/Renkli-Krallik-ve-Gulus-Perisi-Almila-masal-oku.jpg 1024w, https:\/\/binbirgecemasallari.com\/wp-content\/uploads\/2024\/09\/Renkli-Krallik-ve-Gulus-Perisi-Almila-masal-oku-300x300.jpg 300w, https:\/\/binbirgecemasallari.com\/wp-content\/uploads\/2024\/09\/Renkli-Krallik-ve-Gulus-Perisi-Almila-masal-oku-150x150.jpg 150w, https:\/\/binbirgecemasallari.com\/wp-content\/uploads\/2024\/09\/Renkli-Krallik-ve-Gulus-Perisi-Almila-masal-oku-768x768.jpg 768w, https:\/\/binbirgecemasallari.com\/wp-content\/uploads\/2024\/09\/Renkli-Krallik-ve-Gulus-Perisi-Almila-masal-oku-600x600.jpg 600w\" \/>\t\t\t\t\t<\/div>\n\t\t\t\t\t<a class=\"wd-fill\" href=\"https:\/\/binbirgecemasallari.com\/masal-oku-renkli-krallik-ve-gulus-perisi\/\"><\/a>\n\t\t\t\t\n\t\t\t\t\t\t\t\t\t\t\t\t<div class=\"wd-post-date wd-style-with-bg\">\n\t\t\t\t<span class=\"post-date-day\">\n\t\t\t\t\t13\t\t\t\t<\/span>\n\t\t\t\t<span class=\"post-date-month\">\n\t\t\t\t\tEyl\t\t\t\t<\/span>\n\t\t\t<\/div>\n\t\t\t\t\t\t\t\t\t<\/div>\n\t\t\n\t\t<div class=\"wd-post-content article-body-container\">\n\t\t\t\n\t\t\t\t\t\t\t<h3 class=\"wd-post-title wd-entities-title title post-title\">\n\t\t\t\t\t<a href=\"https:\/\/binbirgecemasallari.com\/masal-oku-renkli-krallik-ve-gulus-perisi\/\" rel=\"bookmark\">Renkli Krall\u0131k ve G\u00fcl\u00fc\u015f Perisi Almila<\/a>\n\t\t\t\t<\/h3>\n\t\t\t\n\t\t\t\n\t\t\t\t\t\t\t\n\t\t\t\t\t\t\t\t\t<\/div>\n\t<\/div>\n<\/article>\n\n\t\t\t\t\t\t\t\t\t\t\t\n<article id=\"post-3636\" class=\"wd-post blog-design-masonry blog-post-loop blog-style-bg wd-add-shadow wd-col post-3636 post type-post status-publish format-standard has-post-thumbnail hentry category-isme-ozel-masallar category-3-yas-masallari category-4-yas-masallari category-5-yas-masallari category-6-yas-masallari category-7-yas-masallari category-doga-ve-cevre-masallari category-fantastik-masallar category-hayvan-masallari category-uyku-masallari tag-cocuk-masallari tag-doga-masallari tag-isme-ozel-masal tag-masal-dinle tag-masal-oku tag-uyku-masallari\">\n\t<div class=\"wd-post-inner article-inner\">\n\t\t\t\t\t<div class=\"wd-post-thumb entry-header\">\n\t\t\t\t\t\t\t\t\t<div class=\"wd-post-img post-img-wrapp\">\n\t\t\t\t\t\t<img width=\"1024\" height=\"1024\" src=\"https:\/\/binbirgecemasallari.com\/wp-content\/themes\/woodmart\/images\/lazy.svg\" class=\"attachment-large size-large\" alt=\"Duru ve Orman\u0131n Sihirli \u015eark\u0131s\u0131 masal oku\" decoding=\"async\" srcset=\"\" sizes=\"(max-width: 1024px) 100vw, 1024px\" data-src=\"https:\/\/binbirgecemasallari.com\/wp-content\/uploads\/2024\/09\/Duru-ve-Ormanin-Sihirli-Sarkisi-masal-oku.jpg\" data-srcset=\"https:\/\/binbirgecemasallari.com\/wp-content\/uploads\/2024\/09\/Duru-ve-Ormanin-Sihirli-Sarkisi-masal-oku.jpg 1024w, https:\/\/binbirgecemasallari.com\/wp-content\/uploads\/2024\/09\/Duru-ve-Ormanin-Sihirli-Sarkisi-masal-oku-300x300.jpg 300w, https:\/\/binbirgecemasallari.com\/wp-content\/uploads\/2024\/09\/Duru-ve-Ormanin-Sihirli-Sarkisi-masal-oku-150x150.jpg 150w, https:\/\/binbirgecemasallari.com\/wp-content\/uploads\/2024\/09\/Duru-ve-Ormanin-Sihirli-Sarkisi-masal-oku-768x768.jpg 768w, https:\/\/binbirgecemasallari.com\/wp-content\/uploads\/2024\/09\/Duru-ve-Ormanin-Sihirli-Sarkisi-masal-oku-600x600.jpg 600w\" \/>\t\t\t\t\t<\/div>\n\t\t\t\t\t<a class=\"wd-fill\" href=\"https:\/\/binbirgecemasallari.com\/masal-oku-duru-ve-ormanin-sihirli-sarkisi\/\"><\/a>\n\t\t\t\t\n\t\t\t\t\t\t\t\t\t\t\t\t<div class=\"wd-post-date wd-style-with-bg\">\n\t\t\t\t<span class=\"post-date-day\">\n\t\t\t\t\t13\t\t\t\t<\/span>\n\t\t\t\t<span class=\"post-date-month\">\n\t\t\t\t\tEyl\t\t\t\t<\/span>\n\t\t\t<\/div>\n\t\t\t\t\t\t\t\t\t<\/div>\n\t\t\n\t\t<div class=\"wd-post-content article-body-container\">\n\t\t\t\n\t\t\t\t\t\t\t<h3 class=\"wd-post-title wd-entities-title title post-title\">\n\t\t\t\t\t<a href=\"https:\/\/binbirgecemasallari.com\/masal-oku-duru-ve-ormanin-sihirli-sarkisi\/\" rel=\"bookmark\">Duru ve Orman\u0131n Sihirli \u015eark\u0131s\u0131<\/a>\n\t\t\t\t<\/h3>\n\t\t\t\n\t\t\t\n\t\t\t\t\t\t\t\n\t\t\t\t\t\t\t\t\t<\/div>\n\t<\/div>\n<\/article>\n\n\t\t\t\t\t\t\t\t\t\t\t\n<article id=\"post-3626\" class=\"wd-post blog-design-masonry blog-post-loop blog-style-bg wd-add-shadow wd-col post-3626 post type-post status-publish format-standard has-post-thumbnail hentry category-isme-ozel-masallar category-2-yas-masallari category-3-yas-masallari category-4-yas-masallari category-5-yas-masallari category-6-yas-masallari category-7-yas-masallari category-fantastik-masallar category-futbol-masallari category-uyku-masallari tag-ataturk-masallari tag-cocuk-masallari tag-futbol-masallari tag-isme-ozel-masal tag-masal-dinle tag-masal-oku tag-uyku-masallari\">\n\t<div class=\"wd-post-inner article-inner\">\n\t\t\t\t\t<div class=\"wd-post-thumb entry-header\">\n\t\t\t\t\t\t\t\t\t<div class=\"wd-post-img post-img-wrapp\">\n\t\t\t\t\t\t<img width=\"1024\" height=\"1024\" src=\"https:\/\/binbirgecemasallari.com\/wp-content\/themes\/woodmart\/images\/lazy.svg\" class=\"attachment-large size-large\" alt=\"masal oku Asil\u2018in Atat\u00fcrk ile Futbol Maceras\u0131\" decoding=\"async\" srcset=\"\" sizes=\"(max-width: 1024px) 100vw, 1024px\" data-src=\"https:\/\/binbirgecemasallari.com\/wp-content\/uploads\/2024\/09\/Asilin-Ataturk-ile-Futbol-Macerasi-masal-oku.jpg\" data-srcset=\"https:\/\/binbirgecemasallari.com\/wp-content\/uploads\/2024\/09\/Asilin-Ataturk-ile-Futbol-Macerasi-masal-oku.jpg 1024w, https:\/\/binbirgecemasallari.com\/wp-content\/uploads\/2024\/09\/Asilin-Ataturk-ile-Futbol-Macerasi-masal-oku-300x300.jpg 300w, https:\/\/binbirgecemasallari.com\/wp-content\/uploads\/2024\/09\/Asilin-Ataturk-ile-Futbol-Macerasi-masal-oku-150x150.jpg 150w, https:\/\/binbirgecemasallari.com\/wp-content\/uploads\/2024\/09\/Asilin-Ataturk-ile-Futbol-Macerasi-masal-oku-768x768.jpg 768w, https:\/\/binbirgecemasallari.com\/wp-content\/uploads\/2024\/09\/Asilin-Ataturk-ile-Futbol-Macerasi-masal-oku-600x600.jpg 600w\" \/>\t\t\t\t\t<\/div>\n\t\t\t\t\t<a class=\"wd-fill\" href=\"https:\/\/binbirgecemasallari.com\/masal-oku-asilin-ataturk-ile-futbol-macerasi\/\"><\/a>\n\t\t\t\t\n\t\t\t\t\t\t\t\t\t\t\t\t<div class=\"wd-post-date wd-style-with-bg\">\n\t\t\t\t<span class=\"post-date-day\">\n\t\t\t\t\t13\t\t\t\t<\/span>\n\t\t\t\t<span class=\"post-date-month\">\n\t\t\t\t\tEyl\t\t\t\t<\/span>\n\t\t\t<\/div>\n\t\t\t\t\t\t\t\t\t<\/div>\n\t\t\n\t\t<div class=\"wd-post-content article-body-container\">\n\t\t\t\n\t\t\t\t\t\t\t<h3 class=\"wd-post-title wd-entities-title title post-title\">\n\t\t\t\t\t<a href=\"https:\/\/binbirgecemasallari.com\/masal-oku-asilin-ataturk-ile-futbol-macerasi\/\" rel=\"bookmark\">Asil\u2018in Atat\u00fcrk ile Futbol Maceras\u0131<\/a>\n\t\t\t\t<\/h3>\n\t\t\t\n\t\t\t\n\t\t\t\t\t\t\t\n\t\t\t\t\t\t\t\t\t<\/div>\n\t<\/div>\n<\/article>\n\n\t\t\t\t\t\t\t\t\t\t\t\n<article id=\"post-3623\" class=\"wd-post blog-design-masonry blog-post-loop blog-style-bg wd-add-shadow wd-col post-3623 post type-post status-publish format-standard has-post-thumbnail hentry category-isme-ozel-masallar category-2-yas-masallari category-3-yas-masallari category-4-yas-masallari category-5-yas-masallari category-6-yas-masallari category-7-yas-masallari category-doga-ve-cevre-masallari category-egitici-masallar category-uyku-masallari tag-cocuk-masallari tag-doga-masallari tag-isme-ozel-masal tag-masal-dinle tag-masal-oku tag-niloya-masali tag-uyku-masallari\">\n\t<div class=\"wd-post-inner article-inner\">\n\t\t\t\t\t<div class=\"wd-post-thumb entry-header\">\n\t\t\t\t\t\t\t\t\t<div class=\"wd-post-img post-img-wrapp\">\n\t\t\t\t\t\t<img width=\"1024\" height=\"1024\" src=\"https:\/\/binbirgecemasallari.com\/wp-content\/themes\/woodmart\/images\/lazy.svg\" class=\"attachment-large size-large\" alt=\"masal oku Elif Asel ve Canlanan Niloya: Do\u011fay\u0131 Korumak\" decoding=\"async\" srcset=\"\" sizes=\"(max-width: 1024px) 100vw, 1024px\" data-src=\"https:\/\/binbirgecemasallari.com\/wp-content\/uploads\/2024\/09\/Elif-Asel-ve-Canlanan-Niloya-Dogayi-Korumak-masal-oku.jpg\" data-srcset=\"https:\/\/binbirgecemasallari.com\/wp-content\/uploads\/2024\/09\/Elif-Asel-ve-Canlanan-Niloya-Dogayi-Korumak-masal-oku.jpg 1024w, https:\/\/binbirgecemasallari.com\/wp-content\/uploads\/2024\/09\/Elif-Asel-ve-Canlanan-Niloya-Dogayi-Korumak-masal-oku-300x300.jpg 300w, https:\/\/binbirgecemasallari.com\/wp-content\/uploads\/2024\/09\/Elif-Asel-ve-Canlanan-Niloya-Dogayi-Korumak-masal-oku-150x150.jpg 150w, https:\/\/binbirgecemasallari.com\/wp-content\/uploads\/2024\/09\/Elif-Asel-ve-Canlanan-Niloya-Dogayi-Korumak-masal-oku-768x768.jpg 768w, https:\/\/binbirgecemasallari.com\/wp-content\/uploads\/2024\/09\/Elif-Asel-ve-Canlanan-Niloya-Dogayi-Korumak-masal-oku-600x600.jpg 600w\" \/>\t\t\t\t\t<\/div>\n\t\t\t\t\t<a class=\"wd-fill\" href=\"https:\/\/binbirgecemasallari.com\/masal-oku-elif-asel-ve-niloya\/\"><\/a>\n\t\t\t\t\n\t\t\t\t\t\t\t\t\t\t\t\t<div class=\"wd-post-date wd-style-with-bg\">\n\t\t\t\t<span class=\"post-date-day\">\n\t\t\t\t\t13\t\t\t\t<\/span>\n\t\t\t\t<span class=\"post-date-month\">\n\t\t\t\t\tEyl\t\t\t\t<\/span>\n\t\t\t<\/div>\n\t\t\t\t\t\t\t\t\t<\/div>\n\t\t\n\t\t<div class=\"wd-post-content article-body-container\">\n\t\t\t\n\t\t\t\t\t\t\t<h3 class=\"wd-post-title wd-entities-title title post-title\">\n\t\t\t\t\t<a href=\"https:\/\/binbirgecemasallari.com\/masal-oku-elif-asel-ve-niloya\/\" rel=\"bookmark\">Elif Asel ve Niloya&#8217;n\u0131n Do\u011fa Maceras\u0131<\/a>\n\t\t\t\t<\/h3>\n\t\t\t\n\t\t\t\n\t\t\t\t\t\t\t\n\t\t\t\t\t\t\t\t\t<\/div>\n\t<\/div>\n<\/article>\n\n\t\t\t\t\t\t\t\t\t\t\t\n<article id=\"post-3618\" class=\"wd-post blog-design-masonry blog-post-loop blog-style-bg wd-add-shadow wd-col post-3618 post type-post status-publish format-standard has-post-thumbnail hentry category-isme-ozel-masallar category-2-yas-masallari category-3-yas-masallari category-4-yas-masallari category-5-yas-masallari category-6-yas-masallari category-7-yas-masallari category-doga-ve-cevre-masallari category-hayvan-masallari category-uyku-masallari tag-cocuk-masallari tag-doga-masallari tag-hayvan-masali tag-isme-ozel-masal tag-masal-dinle tag-masal-oku tag-uyku-masallari\">\n\t<div class=\"wd-post-inner article-inner\">\n\t\t\t\t\t<div class=\"wd-post-thumb entry-header\">\n\t\t\t\t\t\t\t\t\t<div class=\"wd-post-img post-img-wrapp\">\n\t\t\t\t\t\t<img width=\"1024\" height=\"1024\" src=\"https:\/\/binbirgecemasallari.com\/wp-content\/themes\/woodmart\/images\/lazy.svg\" class=\"attachment-large size-large\" alt=\"Masal Oku \u0130lge ve Orman\u0131n S\u0131rr\u0131\" decoding=\"async\" srcset=\"\" sizes=\"(max-width: 1024px) 100vw, 1024px\" data-src=\"https:\/\/binbirgecemasallari.com\/wp-content\/uploads\/2024\/09\/masal-oku-Ilge-ve-Ormanin-Sirri.png\" data-srcset=\"https:\/\/binbirgecemasallari.com\/wp-content\/uploads\/2024\/09\/masal-oku-Ilge-ve-Ormanin-Sirri.png 1024w, https:\/\/binbirgecemasallari.com\/wp-content\/uploads\/2024\/09\/masal-oku-Ilge-ve-Ormanin-Sirri-300x300.png 300w, https:\/\/binbirgecemasallari.com\/wp-content\/uploads\/2024\/09\/masal-oku-Ilge-ve-Ormanin-Sirri-150x150.png 150w, https:\/\/binbirgecemasallari.com\/wp-content\/uploads\/2024\/09\/masal-oku-Ilge-ve-Ormanin-Sirri-768x768.png 768w, https:\/\/binbirgecemasallari.com\/wp-content\/uploads\/2024\/09\/masal-oku-Ilge-ve-Ormanin-Sirri-600x600.png 600w\" \/>\t\t\t\t\t<\/div>\n\t\t\t\t\t<a class=\"wd-fill\" href=\"https:\/\/binbirgecemasallari.com\/masal-oku-ilge-ve-ormanin-sirri\/\"><\/a>\n\t\t\t\t\n\t\t\t\t\t\t\t\t\t\t\t\t<div class=\"wd-post-date wd-style-with-bg\">\n\t\t\t\t<span class=\"post-date-day\">\n\t\t\t\t\t13\t\t\t\t<\/span>\n\t\t\t\t<span class=\"post-date-month\">\n\t\t\t\t\tEyl\t\t\t\t<\/span>\n\t\t\t<\/div>\n\t\t\t\t\t\t\t\t\t<\/div>\n\t\t\n\t\t<div class=\"wd-post-content article-body-container\">\n\t\t\t\n\t\t\t\t\t\t\t<h3 class=\"wd-post-title wd-entities-title title post-title\">\n\t\t\t\t\t<a href=\"https:\/\/binbirgecemasallari.com\/masal-oku-ilge-ve-ormanin-sirri\/\" rel=\"bookmark\">\u0130lge ve Orman\u0131n S\u0131rr\u0131<\/a>\n\t\t\t\t<\/h3>\n\t\t\t\n\t\t\t\n\t\t\t\t\t\t\t\n\t\t\t\t\t\t\t\t\t<\/div>\n\t<\/div>\n<\/article>\n\n\t\t\t\t\t\n\t\t\t\t\t","status":"have-posts","nextPage":"https:\/\/binbirgecemasallari.com\/tum-masallar\/page\/14\/?woo_ajax=1","currentPage":"https:\/\/binbirgecemasallari.com\/tum-masallar\/page\/13"}