
			
				

					
				

			
		{"items":"\n\t\t\t\t\t\t\t\t\t\t\t\n<article id=\"post-3534\" class=\"wd-post blog-design-masonry blog-post-loop blog-style-bg wd-add-shadow wd-col post-3534 post type-post status-publish format-standard has-post-thumbnail hentry category-isme-ozel-masallar category-3-yas-masallari category-4-yas-masallari category-5-yas-masallari category-6-yas-masallari category-7-yas-masallari category-bilim-kurgu-masallari category-fantastik-masallar category-uyku-masallari tag-cocuk-masallari tag-isme-ozel-masal tag-masal-dinle tag-masal-oku tag-uyku-masallari tag-uzay-masallari\">\n\t<div class=\"wd-post-inner article-inner\">\n\t\t\t\t\t<div class=\"wd-post-thumb entry-header\">\n\t\t\t\t\t\t\t\t\t<div class=\"wd-post-img post-img-wrapp\">\n\t\t\t\t\t\t<img width=\"1024\" height=\"1024\" src=\"https:\/\/binbirgecemasallari.com\/wp-content\/themes\/woodmart\/images\/lazy.svg\" class=\"attachment-large size-large\" alt=\"Masal oku Kaan\u2019\u0131n Lego Uzay Gemisi Maceras\u0131\" decoding=\"async\" srcset=\"\" sizes=\"(max-width: 1024px) 100vw, 1024px\" data-src=\"https:\/\/binbirgecemasallari.com\/wp-content\/uploads\/2024\/09\/Kaanin-Lego-Uzay-Gemisi-Macerasi.jpg\" data-srcset=\"https:\/\/binbirgecemasallari.com\/wp-content\/uploads\/2024\/09\/Kaanin-Lego-Uzay-Gemisi-Macerasi.jpg 1024w, https:\/\/binbirgecemasallari.com\/wp-content\/uploads\/2024\/09\/Kaanin-Lego-Uzay-Gemisi-Macerasi-300x300.jpg 300w, https:\/\/binbirgecemasallari.com\/wp-content\/uploads\/2024\/09\/Kaanin-Lego-Uzay-Gemisi-Macerasi-150x150.jpg 150w, https:\/\/binbirgecemasallari.com\/wp-content\/uploads\/2024\/09\/Kaanin-Lego-Uzay-Gemisi-Macerasi-768x768.jpg 768w, https:\/\/binbirgecemasallari.com\/wp-content\/uploads\/2024\/09\/Kaanin-Lego-Uzay-Gemisi-Macerasi-600x600.jpg 600w\" \/>\t\t\t\t\t<\/div>\n\t\t\t\t\t<a class=\"wd-fill\" href=\"https:\/\/binbirgecemasallari.com\/masal-oku-kaanin-lego-uzay-gemisi-macerasi\/\"><\/a>\n\t\t\t\t\n\t\t\t\t\t\t\t\t\t\t\t\t<link rel=\"stylesheet\" id=\"wd-post-types-mod-date-style-bg-css\" href=\"https:\/\/binbirgecemasallari.com\/wp-content\/themes\/woodmart\/css\/parts\/post-types-mod-date-style-bg.min.css?ver=8.2.7\" type=\"text\/css\" media=\"all\" \/> \t\t\t\t\t\t<div class=\"wd-post-date wd-style-with-bg\">\n\t\t\t\t<span class=\"post-date-day\">\n\t\t\t\t\t12\t\t\t\t<\/span>\n\t\t\t\t<span class=\"post-date-month\">\n\t\t\t\t\tEyl\t\t\t\t<\/span>\n\t\t\t<\/div>\n\t\t\t\t\t\t\t\t\t<\/div>\n\t\t\n\t\t<div class=\"wd-post-content article-body-container\">\n\t\t\t\n\t\t\t\t\t\t\t<h3 class=\"wd-post-title wd-entities-title title post-title\">\n\t\t\t\t\t<a href=\"https:\/\/binbirgecemasallari.com\/masal-oku-kaanin-lego-uzay-gemisi-macerasi\/\" rel=\"bookmark\">Kaan\u2019\u0131n Lego Uzay Gemisi Maceras\u0131<\/a>\n\t\t\t\t<\/h3>\n\t\t\t\n\t\t\t\n\t\t\t\t\t\t\t\n\t\t\t\t\t\t\t\t\t<\/div>\n\t<\/div>\n<\/article>\n\n\t\t\t\t\t\t\t\t\t\t\t\n<article id=\"post-3537\" class=\"wd-post blog-design-masonry blog-post-loop blog-style-bg wd-add-shadow wd-col post-3537 post type-post status-publish format-standard has-post-thumbnail hentry category-isme-ozel-masallar category-3-yas-masallari category-4-yas-masallari category-5-yas-masallari category-6-yas-masallari category-fantastik-masallar category-uyku-masallari tag-cocuk-masallari tag-fantastik-masallar tag-hayvan-masali tag-isme-ozel-masal tag-masal-dinle tag-masal-oku tag-uyku-masallari\">\n\t<div class=\"wd-post-inner article-inner\">\n\t\t\t\t\t<div class=\"wd-post-thumb entry-header\">\n\t\t\t\t\t\t\t\t\t<div class=\"wd-post-img post-img-wrapp\">\n\t\t\t\t\t\t<img width=\"1024\" height=\"1024\" src=\"https:\/\/binbirgecemasallari.com\/wp-content\/themes\/woodmart\/images\/lazy.svg\" class=\"attachment-large size-large\" alt=\"Masal Oku Alaz ve Dinozorlar \u00dclkesi\u2019nde B\u00fcy\u00fck Macera\" decoding=\"async\" srcset=\"\" sizes=\"(max-width: 1024px) 100vw, 1024px\" data-src=\"https:\/\/binbirgecemasallari.com\/wp-content\/uploads\/2024\/09\/Alaz-ve-Dinozorlar-Ulkesinde-Buyuk-Macera.jpg\" data-srcset=\"https:\/\/binbirgecemasallari.com\/wp-content\/uploads\/2024\/09\/Alaz-ve-Dinozorlar-Ulkesinde-Buyuk-Macera.jpg 1024w, https:\/\/binbirgecemasallari.com\/wp-content\/uploads\/2024\/09\/Alaz-ve-Dinozorlar-Ulkesinde-Buyuk-Macera-300x300.jpg 300w, https:\/\/binbirgecemasallari.com\/wp-content\/uploads\/2024\/09\/Alaz-ve-Dinozorlar-Ulkesinde-Buyuk-Macera-150x150.jpg 150w, https:\/\/binbirgecemasallari.com\/wp-content\/uploads\/2024\/09\/Alaz-ve-Dinozorlar-Ulkesinde-Buyuk-Macera-768x768.jpg 768w, https:\/\/binbirgecemasallari.com\/wp-content\/uploads\/2024\/09\/Alaz-ve-Dinozorlar-Ulkesinde-Buyuk-Macera-600x600.jpg 600w\" \/>\t\t\t\t\t<\/div>\n\t\t\t\t\t<a class=\"wd-fill\" href=\"https:\/\/binbirgecemasallari.com\/masal-oku-alaz-ve-dinozorlar-ulkesinde\/\"><\/a>\n\t\t\t\t\n\t\t\t\t\t\t\t\t\t\t\t\t<div class=\"wd-post-date wd-style-with-bg\">\n\t\t\t\t<span class=\"post-date-day\">\n\t\t\t\t\t12\t\t\t\t<\/span>\n\t\t\t\t<span class=\"post-date-month\">\n\t\t\t\t\tEyl\t\t\t\t<\/span>\n\t\t\t<\/div>\n\t\t\t\t\t\t\t\t\t<\/div>\n\t\t\n\t\t<div class=\"wd-post-content article-body-container\">\n\t\t\t\n\t\t\t\t\t\t\t<h3 class=\"wd-post-title wd-entities-title title post-title\">\n\t\t\t\t\t<a href=\"https:\/\/binbirgecemasallari.com\/masal-oku-alaz-ve-dinozorlar-ulkesinde\/\" rel=\"bookmark\">Alaz ve Dinozorlar \u00dclkesi\u2019nde B\u00fcy\u00fck Macera<\/a>\n\t\t\t\t<\/h3>\n\t\t\t\n\t\t\t\n\t\t\t\t\t\t\t\n\t\t\t\t\t\t\t\t\t<\/div>\n\t<\/div>\n<\/article>\n\n\t\t\t\t\t\t\t\t\t\t\t\n<article id=\"post-3530\" class=\"wd-post blog-design-masonry blog-post-loop blog-style-bg wd-add-shadow wd-col post-3530 post type-post status-publish format-standard has-post-thumbnail hentry category-isme-ozel-masallar category-2-yas-masallari category-3-yas-masallari category-4-yas-masallari category-5-yas-masallari category-6-yas-masallari category-fantastik-masallar category-uyku-masallari tag-cocuk-masallari tag-fantastik-masallar tag-isme-ozel-masal tag-masal-dinle tag-masal-oku tag-uyku-masallari\">\n\t<div class=\"wd-post-inner article-inner\">\n\t\t\t\t\t<div class=\"wd-post-thumb entry-header\">\n\t\t\t\t\t\t\t\t\t<div class=\"wd-post-img post-img-wrapp\">\n\t\t\t\t\t\t<img width=\"1024\" height=\"1024\" src=\"https:\/\/binbirgecemasallari.com\/wp-content\/themes\/woodmart\/images\/lazy.svg\" class=\"attachment-large size-large\" alt=\"Masal oku \u0130kra ve Boncuk&#039;un Y\u0131ld\u0131zl\u0131 Maceras\u0131\" decoding=\"async\" srcset=\"\" sizes=\"(max-width: 1024px) 100vw, 1024px\" data-src=\"https:\/\/binbirgecemasallari.com\/wp-content\/uploads\/2024\/09\/Masal-oku-Ikra-ve-Boncukun-Yildizli-Macerasi.jpg\" data-srcset=\"https:\/\/binbirgecemasallari.com\/wp-content\/uploads\/2024\/09\/Masal-oku-Ikra-ve-Boncukun-Yildizli-Macerasi.jpg 1024w, https:\/\/binbirgecemasallari.com\/wp-content\/uploads\/2024\/09\/Masal-oku-Ikra-ve-Boncukun-Yildizli-Macerasi-300x300.jpg 300w, https:\/\/binbirgecemasallari.com\/wp-content\/uploads\/2024\/09\/Masal-oku-Ikra-ve-Boncukun-Yildizli-Macerasi-150x150.jpg 150w, https:\/\/binbirgecemasallari.com\/wp-content\/uploads\/2024\/09\/Masal-oku-Ikra-ve-Boncukun-Yildizli-Macerasi-768x768.jpg 768w, https:\/\/binbirgecemasallari.com\/wp-content\/uploads\/2024\/09\/Masal-oku-Ikra-ve-Boncukun-Yildizli-Macerasi-600x600.jpg 600w\" \/>\t\t\t\t\t<\/div>\n\t\t\t\t\t<a class=\"wd-fill\" href=\"https:\/\/binbirgecemasallari.com\/masal-oku-ikra-ve-boncukun-macerasi\/\"><\/a>\n\t\t\t\t\n\t\t\t\t\t\t\t\t\t\t\t\t<div class=\"wd-post-date wd-style-with-bg\">\n\t\t\t\t<span class=\"post-date-day\">\n\t\t\t\t\t12\t\t\t\t<\/span>\n\t\t\t\t<span class=\"post-date-month\">\n\t\t\t\t\tEyl\t\t\t\t<\/span>\n\t\t\t<\/div>\n\t\t\t\t\t\t\t\t\t<\/div>\n\t\t\n\t\t<div class=\"wd-post-content article-body-container\">\n\t\t\t\n\t\t\t\t\t\t\t<h3 class=\"wd-post-title wd-entities-title title post-title\">\n\t\t\t\t\t<a href=\"https:\/\/binbirgecemasallari.com\/masal-oku-ikra-ve-boncukun-macerasi\/\" rel=\"bookmark\">\u0130kra ve Boncuk&#8217;un Y\u0131ld\u0131zl\u0131 Maceras\u0131<\/a>\n\t\t\t\t<\/h3>\n\t\t\t\n\t\t\t\n\t\t\t\t\t\t\t\n\t\t\t\t\t\t\t\t\t<\/div>\n\t<\/div>\n<\/article>\n\n\t\t\t\t\t\t\t\t\t\t\t\n<article id=\"post-3515\" class=\"wd-post blog-design-masonry blog-post-loop blog-style-bg wd-add-shadow wd-col post-3515 post type-post status-publish format-standard has-post-thumbnail hentry category-isme-ozel-masallar category-3-yas-masallari category-4-yas-masallari category-5-yas-masallari category-6-yas-masallari category-7-yas-masallari category-8-yas-masallari-oku category-bilim-kurgu-masallari category-fantastik-masallar category-uyku-masallari tag-cocuk-masallari tag-isme-ozel-masal tag-kardes-hikayesi tag-kardes-masali tag-masal-dinle tag-masal-oku tag-uyku-masallari tag-uzay-masallari\">\n\t<div class=\"wd-post-inner article-inner\">\n\t\t\t\t\t<div class=\"wd-post-thumb entry-header\">\n\t\t\t\t\t\t\t\t\t<div class=\"wd-post-img post-img-wrapp\">\n\t\t\t\t\t\t<img width=\"1024\" height=\"1024\" src=\"https:\/\/binbirgecemasallari.com\/wp-content\/themes\/woodmart\/images\/lazy.svg\" class=\"attachment-large size-large\" alt=\"\" decoding=\"async\" srcset=\"\" sizes=\"(max-width: 1024px) 100vw, 1024px\" data-src=\"https:\/\/binbirgecemasallari.com\/wp-content\/uploads\/2024\/09\/Uzay-Kahramanlari-Boran-ve-Kuzeyin-Macerasi-masal-oku-1024x1024.jpeg\" data-srcset=\"https:\/\/binbirgecemasallari.com\/wp-content\/uploads\/2024\/09\/Uzay-Kahramanlari-Boran-ve-Kuzeyin-Macerasi-masal-oku-1024x1024.jpeg 1024w, https:\/\/binbirgecemasallari.com\/wp-content\/uploads\/2024\/09\/Uzay-Kahramanlari-Boran-ve-Kuzeyin-Macerasi-masal-oku-300x300.jpeg 300w, https:\/\/binbirgecemasallari.com\/wp-content\/uploads\/2024\/09\/Uzay-Kahramanlari-Boran-ve-Kuzeyin-Macerasi-masal-oku-150x150.jpeg 150w, https:\/\/binbirgecemasallari.com\/wp-content\/uploads\/2024\/09\/Uzay-Kahramanlari-Boran-ve-Kuzeyin-Macerasi-masal-oku-768x768.jpeg 768w, https:\/\/binbirgecemasallari.com\/wp-content\/uploads\/2024\/09\/Uzay-Kahramanlari-Boran-ve-Kuzeyin-Macerasi-masal-oku-1536x1536.jpeg 1536w, https:\/\/binbirgecemasallari.com\/wp-content\/uploads\/2024\/09\/Uzay-Kahramanlari-Boran-ve-Kuzeyin-Macerasi-masal-oku-600x600.jpeg 600w, https:\/\/binbirgecemasallari.com\/wp-content\/uploads\/2024\/09\/Uzay-Kahramanlari-Boran-ve-Kuzeyin-Macerasi-masal-oku.jpeg 2048w\" \/>\t\t\t\t\t<\/div>\n\t\t\t\t\t<a class=\"wd-fill\" href=\"https:\/\/binbirgecemasallari.com\/masal-oku-boran-ve-kuzeyin-uzay-macerasi\/\"><\/a>\n\t\t\t\t\n\t\t\t\t\t\t\t\t\t\t\t\t<div class=\"wd-post-date wd-style-with-bg\">\n\t\t\t\t<span class=\"post-date-day\">\n\t\t\t\t\t10\t\t\t\t<\/span>\n\t\t\t\t<span class=\"post-date-month\">\n\t\t\t\t\tEyl\t\t\t\t<\/span>\n\t\t\t<\/div>\n\t\t\t\t\t\t\t\t\t<\/div>\n\t\t\n\t\t<div class=\"wd-post-content article-body-container\">\n\t\t\t\n\t\t\t\t\t\t\t<h3 class=\"wd-post-title wd-entities-title title post-title\">\n\t\t\t\t\t<a href=\"https:\/\/binbirgecemasallari.com\/masal-oku-boran-ve-kuzeyin-uzay-macerasi\/\" rel=\"bookmark\">Uzay Kahramanlar\u0131: Boran ve Kuzey\u2019in Maceras\u0131<\/a>\n\t\t\t\t<\/h3>\n\t\t\t\n\t\t\t\n\t\t\t\t\t\t\t\n\t\t\t\t\t\t\t\t\t<\/div>\n\t<\/div>\n<\/article>\n\n\t\t\t\t\t\t\t\t\t\t\t\n<article id=\"post-3514\" class=\"wd-post blog-design-masonry blog-post-loop blog-style-bg wd-add-shadow wd-col post-3514 post type-post status-publish format-standard has-post-thumbnail hentry category-isme-ozel-masallar category-4-yas-masallari category-5-yas-masallari category-6-yas-masallari category-7-yas-masallari category-8-yas-masallari-oku category-fantastik-masallar category-futbol-masallari category-uyku-masallari tag-cocuk-masallari tag-futbol-masallari tag-isme-ozel-masal tag-kardes-hikayesi tag-kardes-masali tag-masal-dinle tag-masal-oku tag-uyku-masallari\">\n\t<div class=\"wd-post-inner article-inner\">\n\t\t\t\t\t<div class=\"wd-post-thumb entry-header\">\n\t\t\t\t\t\t\t\t\t<div class=\"wd-post-img post-img-wrapp\">\n\t\t\t\t\t\t<img width=\"1024\" height=\"1024\" src=\"https:\/\/binbirgecemasallari.com\/wp-content\/themes\/woodmart\/images\/lazy.svg\" class=\"attachment-large size-large\" alt=\"masal oku\" decoding=\"async\" srcset=\"\" sizes=\"(max-width: 1024px) 100vw, 1024px\" data-src=\"https:\/\/binbirgecemasallari.com\/wp-content\/uploads\/2024\/09\/Mert-Emir-ve-Omer-Eymenin-Robotlarla-Futbol-Macerasi-masal-oku.jpeg\" data-srcset=\"https:\/\/binbirgecemasallari.com\/wp-content\/uploads\/2024\/09\/Mert-Emir-ve-Omer-Eymenin-Robotlarla-Futbol-Macerasi-masal-oku.jpeg 1024w, https:\/\/binbirgecemasallari.com\/wp-content\/uploads\/2024\/09\/Mert-Emir-ve-Omer-Eymenin-Robotlarla-Futbol-Macerasi-masal-oku-300x300.jpeg 300w, https:\/\/binbirgecemasallari.com\/wp-content\/uploads\/2024\/09\/Mert-Emir-ve-Omer-Eymenin-Robotlarla-Futbol-Macerasi-masal-oku-150x150.jpeg 150w, https:\/\/binbirgecemasallari.com\/wp-content\/uploads\/2024\/09\/Mert-Emir-ve-Omer-Eymenin-Robotlarla-Futbol-Macerasi-masal-oku-768x768.jpeg 768w, https:\/\/binbirgecemasallari.com\/wp-content\/uploads\/2024\/09\/Mert-Emir-ve-Omer-Eymenin-Robotlarla-Futbol-Macerasi-masal-oku-600x600.jpeg 600w\" \/>\t\t\t\t\t<\/div>\n\t\t\t\t\t<a class=\"wd-fill\" href=\"https:\/\/binbirgecemasallari.com\/masal-oku-robotlarla-futbol-macerasi\/\"><\/a>\n\t\t\t\t\n\t\t\t\t\t\t\t\t\t\t\t\t<div class=\"wd-post-date wd-style-with-bg\">\n\t\t\t\t<span class=\"post-date-day\">\n\t\t\t\t\t10\t\t\t\t<\/span>\n\t\t\t\t<span class=\"post-date-month\">\n\t\t\t\t\tEyl\t\t\t\t<\/span>\n\t\t\t<\/div>\n\t\t\t\t\t\t\t\t\t<\/div>\n\t\t\n\t\t<div class=\"wd-post-content article-body-container\">\n\t\t\t\n\t\t\t\t\t\t\t<h3 class=\"wd-post-title wd-entities-title title post-title\">\n\t\t\t\t\t<a href=\"https:\/\/binbirgecemasallari.com\/masal-oku-robotlarla-futbol-macerasi\/\" rel=\"bookmark\">Mert Emir ve \u00d6mer Eymen\u2019in Robotlarla Futbol Maceras\u0131<\/a>\n\t\t\t\t<\/h3>\n\t\t\t\n\t\t\t\n\t\t\t\t\t\t\t\n\t\t\t\t\t\t\t\t\t<\/div>\n\t<\/div>\n<\/article>\n\n\t\t\t\t\t\t\t\t\t\t\t\n<article id=\"post-3512\" class=\"wd-post blog-design-masonry blog-post-loop blog-style-bg wd-add-shadow wd-col post-3512 post type-post status-publish format-standard has-post-thumbnail hentry category-uyku-masallari category-3-yas-masallari category-4-yas-masallari category-5-yas-masallari category-6-yas-masallari category-7-yas-masallari category-doga-ve-cevre-masallari category-egitici-masallar category-fantastik-masallar category-isme-ozel-masallar tag-barbie-masali tag-cocuk-masallari tag-doga-masallari tag-isme-ozel-masal tag-kardes-hikayesi tag-kardes-masali tag-masal-dinle tag-masal-oku tag-uyku-masallari\">\n\t<div class=\"wd-post-inner article-inner\">\n\t\t\t\t\t<div class=\"wd-post-thumb entry-header\">\n\t\t\t\t\t\t\t\t\t<div class=\"wd-post-img post-img-wrapp\">\n\t\t\t\t\t\t<img width=\"1024\" height=\"1024\" src=\"https:\/\/binbirgecemasallari.com\/wp-content\/themes\/woodmart\/images\/lazy.svg\" class=\"attachment-large size-large\" alt=\"masal oku\" decoding=\"async\" srcset=\"\" sizes=\"(max-width: 1024px) 100vw, 1024px\" data-src=\"https:\/\/binbirgecemasallari.com\/wp-content\/uploads\/2024\/09\/Alya-Duru-ve-Barbie-ile-Yagmuru-Kesfediyor-MASAL-OKU.jpeg\" data-srcset=\"https:\/\/binbirgecemasallari.com\/wp-content\/uploads\/2024\/09\/Alya-Duru-ve-Barbie-ile-Yagmuru-Kesfediyor-MASAL-OKU.jpeg 1024w, https:\/\/binbirgecemasallari.com\/wp-content\/uploads\/2024\/09\/Alya-Duru-ve-Barbie-ile-Yagmuru-Kesfediyor-MASAL-OKU-300x300.jpeg 300w, https:\/\/binbirgecemasallari.com\/wp-content\/uploads\/2024\/09\/Alya-Duru-ve-Barbie-ile-Yagmuru-Kesfediyor-MASAL-OKU-150x150.jpeg 150w, https:\/\/binbirgecemasallari.com\/wp-content\/uploads\/2024\/09\/Alya-Duru-ve-Barbie-ile-Yagmuru-Kesfediyor-MASAL-OKU-768x768.jpeg 768w, https:\/\/binbirgecemasallari.com\/wp-content\/uploads\/2024\/09\/Alya-Duru-ve-Barbie-ile-Yagmuru-Kesfediyor-MASAL-OKU-600x600.jpeg 600w\" \/>\t\t\t\t\t<\/div>\n\t\t\t\t\t<a class=\"wd-fill\" href=\"https:\/\/binbirgecemasallari.com\/masal-oku-barbie-yagmuru-kesfediyor\/\"><\/a>\n\t\t\t\t\n\t\t\t\t\t\t\t\t\t\t\t\t<div class=\"wd-post-date wd-style-with-bg\">\n\t\t\t\t<span class=\"post-date-day\">\n\t\t\t\t\t10\t\t\t\t<\/span>\n\t\t\t\t<span class=\"post-date-month\">\n\t\t\t\t\tEyl\t\t\t\t<\/span>\n\t\t\t<\/div>\n\t\t\t\t\t\t\t\t\t<\/div>\n\t\t\n\t\t<div class=\"wd-post-content article-body-container\">\n\t\t\t\n\t\t\t\t\t\t\t<h3 class=\"wd-post-title wd-entities-title title post-title\">\n\t\t\t\t\t<a href=\"https:\/\/binbirgecemasallari.com\/masal-oku-barbie-yagmuru-kesfediyor\/\" rel=\"bookmark\">Alya Duru ve Barbie ile Ya\u011fmuru Ke\u015ffediyor<\/a>\n\t\t\t\t<\/h3>\n\t\t\t\n\t\t\t\n\t\t\t\t\t\t\t\n\t\t\t\t\t\t\t\t\t<\/div>\n\t<\/div>\n<\/article>\n\n\t\t\t\t\t\t\t\t\t\t\t\n<article id=\"post-3507\" class=\"wd-post blog-design-masonry blog-post-loop blog-style-bg wd-add-shadow wd-col post-3507 post type-post status-publish format-standard has-post-thumbnail hentry category-isme-ozel-masallar category-3-yas-masallari category-4-yas-masallari category-5-yas-masallari category-6-yas-masallari category-7-yas-masallari category-doga-ve-cevre-masallari category-egitici-masallar category-fantastik-masallar category-hayvan-masallari category-uyku-masallari tag-cocuk-masallari tag-doga-masallari tag-isme-ozel-masal tag-kardes-hikayesi tag-kardes-masali tag-masal-dinle tag-masal-oku tag-uyku-masallari\">\n\t<div class=\"wd-post-inner article-inner\">\n\t\t\t\t\t<div class=\"wd-post-thumb entry-header\">\n\t\t\t\t\t\t\t\t\t<div class=\"wd-post-img post-img-wrapp\">\n\t\t\t\t\t\t<img width=\"1024\" height=\"1024\" src=\"https:\/\/binbirgecemasallari.com\/wp-content\/themes\/woodmart\/images\/lazy.svg\" class=\"attachment-large size-large\" alt=\"masal oku\" decoding=\"async\" srcset=\"\" sizes=\"(max-width: 1024px) 100vw, 1024px\" data-src=\"https:\/\/binbirgecemasallari.com\/wp-content\/uploads\/2024\/09\/Masal-ve-Aryanin-Agac-Evi-masal-oku.jpg\" data-srcset=\"https:\/\/binbirgecemasallari.com\/wp-content\/uploads\/2024\/09\/Masal-ve-Aryanin-Agac-Evi-masal-oku.jpg 1024w, https:\/\/binbirgecemasallari.com\/wp-content\/uploads\/2024\/09\/Masal-ve-Aryanin-Agac-Evi-masal-oku-300x300.jpg 300w, https:\/\/binbirgecemasallari.com\/wp-content\/uploads\/2024\/09\/Masal-ve-Aryanin-Agac-Evi-masal-oku-150x150.jpg 150w, https:\/\/binbirgecemasallari.com\/wp-content\/uploads\/2024\/09\/Masal-ve-Aryanin-Agac-Evi-masal-oku-768x768.jpg 768w, https:\/\/binbirgecemasallari.com\/wp-content\/uploads\/2024\/09\/Masal-ve-Aryanin-Agac-Evi-masal-oku-600x600.jpg 600w\" \/>\t\t\t\t\t<\/div>\n\t\t\t\t\t<a class=\"wd-fill\" href=\"https:\/\/binbirgecemasallari.com\/masal-oku-masal-ve-aryanin-agac-evi\/\"><\/a>\n\t\t\t\t\n\t\t\t\t\t\t\t\t\t\t\t\t<div class=\"wd-post-date wd-style-with-bg\">\n\t\t\t\t<span class=\"post-date-day\">\n\t\t\t\t\t09\t\t\t\t<\/span>\n\t\t\t\t<span class=\"post-date-month\">\n\t\t\t\t\tEyl\t\t\t\t<\/span>\n\t\t\t<\/div>\n\t\t\t\t\t\t\t\t\t<\/div>\n\t\t\n\t\t<div class=\"wd-post-content article-body-container\">\n\t\t\t\n\t\t\t\t\t\t\t<h3 class=\"wd-post-title wd-entities-title title post-title\">\n\t\t\t\t\t<a href=\"https:\/\/binbirgecemasallari.com\/masal-oku-masal-ve-aryanin-agac-evi\/\" rel=\"bookmark\">Masal ve Arya\u2019n\u0131n A\u011fa\u00e7 Evi<\/a>\n\t\t\t\t<\/h3>\n\t\t\t\n\t\t\t\n\t\t\t\t\t\t\t\n\t\t\t\t\t\t\t\t\t<\/div>\n\t<\/div>\n<\/article>\n\n\t\t\t\t\t\t\t\t\t\t\t\n<article id=\"post-3485\" class=\"wd-post blog-design-masonry blog-post-loop blog-style-bg wd-add-shadow wd-col post-3485 post type-post status-publish format-standard has-post-thumbnail hentry category-isme-ozel-masallar category-2-yas-masallari category-3-yas-masallari category-4-yas-masallari category-5-yas-masallari category-6-yas-masallari category-7-yas-masallari category-fantastik-masallar category-uyku-masallari tag-cocuk-masallari tag-fantastik-masallar tag-isme-ozel-masal tag-kardes-hikayesi tag-kardes-masali tag-masal-dinle tag-masal-oku tag-uyku-masallari\">\n\t<div class=\"wd-post-inner article-inner\">\n\t\t\t\t\t<div class=\"wd-post-thumb entry-header\">\n\t\t\t\t\t\t\t\t\t<div class=\"wd-post-img post-img-wrapp\">\n\t\t\t\t\t\t<img width=\"1024\" height=\"1024\" src=\"https:\/\/binbirgecemasallari.com\/wp-content\/themes\/woodmart\/images\/lazy.svg\" class=\"attachment-large size-large\" alt=\"masal oku\" decoding=\"async\" srcset=\"\" sizes=\"(max-width: 1024px) 100vw, 1024px\" data-src=\"https:\/\/binbirgecemasallari.com\/wp-content\/uploads\/2024\/09\/Ahsen-Huma-ve-Egemen-Tugranin-Sihirli-Krallik-Macerasi-masal-oku.jpg\" data-srcset=\"https:\/\/binbirgecemasallari.com\/wp-content\/uploads\/2024\/09\/Ahsen-Huma-ve-Egemen-Tugranin-Sihirli-Krallik-Macerasi-masal-oku.jpg 1024w, https:\/\/binbirgecemasallari.com\/wp-content\/uploads\/2024\/09\/Ahsen-Huma-ve-Egemen-Tugranin-Sihirli-Krallik-Macerasi-masal-oku-300x300.jpg 300w, https:\/\/binbirgecemasallari.com\/wp-content\/uploads\/2024\/09\/Ahsen-Huma-ve-Egemen-Tugranin-Sihirli-Krallik-Macerasi-masal-oku-150x150.jpg 150w, https:\/\/binbirgecemasallari.com\/wp-content\/uploads\/2024\/09\/Ahsen-Huma-ve-Egemen-Tugranin-Sihirli-Krallik-Macerasi-masal-oku-768x768.jpg 768w, https:\/\/binbirgecemasallari.com\/wp-content\/uploads\/2024\/09\/Ahsen-Huma-ve-Egemen-Tugranin-Sihirli-Krallik-Macerasi-masal-oku-600x600.jpg 600w\" \/>\t\t\t\t\t<\/div>\n\t\t\t\t\t<a class=\"wd-fill\" href=\"https:\/\/binbirgecemasallari.com\/masal-oku-ahsen-huma-ve-egemen-tugra\/\"><\/a>\n\t\t\t\t\n\t\t\t\t\t\t\t\t\t\t\t\t<div class=\"wd-post-date wd-style-with-bg\">\n\t\t\t\t<span class=\"post-date-day\">\n\t\t\t\t\t09\t\t\t\t<\/span>\n\t\t\t\t<span class=\"post-date-month\">\n\t\t\t\t\tEyl\t\t\t\t<\/span>\n\t\t\t<\/div>\n\t\t\t\t\t\t\t\t\t<\/div>\n\t\t\n\t\t<div class=\"wd-post-content article-body-container\">\n\t\t\t\n\t\t\t\t\t\t\t<h3 class=\"wd-post-title wd-entities-title title post-title\">\n\t\t\t\t\t<a href=\"https:\/\/binbirgecemasallari.com\/masal-oku-ahsen-huma-ve-egemen-tugra\/\" rel=\"bookmark\">Ahsen H\u00fcma ve Egemen Tu\u011fra\u2019n\u0131n Sihirli Krall\u0131k Maceras\u0131<\/a>\n\t\t\t\t<\/h3>\n\t\t\t\n\t\t\t\n\t\t\t\t\t\t\t\n\t\t\t\t\t\t\t\t\t<\/div>\n\t<\/div>\n<\/article>\n\n\t\t\t\t\t\t\t\t\t\t\t\n<article id=\"post-3484\" class=\"wd-post blog-design-masonry blog-post-loop blog-style-bg wd-add-shadow wd-col post-3484 post type-post status-publish format-standard has-post-thumbnail hentry category-isme-ozel-masallar category-2-yas-masallari category-3-yas-masallari category-4-yas-masallari category-5-yas-masallari category-bebek-masallari category-fantastik-masallar category-hayvan-masallari category-uyku-masallari tag-cocuk-masallari tag-fantastik-masallar tag-isme-ozel-masal tag-kardes-hikayesi tag-kardes-masali tag-masal-dinle tag-masal-oku tag-uyku-masallari\">\n\t<div class=\"wd-post-inner article-inner\">\n\t\t\t\t\t<div class=\"wd-post-thumb entry-header\">\n\t\t\t\t\t\t\t\t\t<div class=\"wd-post-img post-img-wrapp\">\n\t\t\t\t\t\t<img width=\"1024\" height=\"1024\" src=\"https:\/\/binbirgecemasallari.com\/wp-content\/themes\/woodmart\/images\/lazy.svg\" class=\"attachment-large size-large\" alt=\"masal oku\" decoding=\"async\" srcset=\"\" sizes=\"(max-width: 1024px) 100vw, 1024px\" data-src=\"https:\/\/binbirgecemasallari.com\/wp-content\/uploads\/2024\/09\/Almila-Ada-ve-Gokkusagi-Kralligi-masal-oku-1024x1024.jpg\" data-srcset=\"https:\/\/binbirgecemasallari.com\/wp-content\/uploads\/2024\/09\/Almila-Ada-ve-Gokkusagi-Kralligi-masal-oku-1024x1024.jpg 1024w, https:\/\/binbirgecemasallari.com\/wp-content\/uploads\/2024\/09\/Almila-Ada-ve-Gokkusagi-Kralligi-masal-oku-300x300.jpg 300w, https:\/\/binbirgecemasallari.com\/wp-content\/uploads\/2024\/09\/Almila-Ada-ve-Gokkusagi-Kralligi-masal-oku-150x150.jpg 150w, https:\/\/binbirgecemasallari.com\/wp-content\/uploads\/2024\/09\/Almila-Ada-ve-Gokkusagi-Kralligi-masal-oku-768x768.jpg 768w, https:\/\/binbirgecemasallari.com\/wp-content\/uploads\/2024\/09\/Almila-Ada-ve-Gokkusagi-Kralligi-masal-oku-1536x1536.jpg 1536w, https:\/\/binbirgecemasallari.com\/wp-content\/uploads\/2024\/09\/Almila-Ada-ve-Gokkusagi-Kralligi-masal-oku-600x600.jpg 600w, https:\/\/binbirgecemasallari.com\/wp-content\/uploads\/2024\/09\/Almila-Ada-ve-Gokkusagi-Kralligi-masal-oku.jpg 2048w\" \/>\t\t\t\t\t<\/div>\n\t\t\t\t\t<a class=\"wd-fill\" href=\"https:\/\/binbirgecemasallari.com\/masal-oku-almila-ada-ve-gokkusagi-kralligi\/\"><\/a>\n\t\t\t\t\n\t\t\t\t\t\t\t\t\t\t\t\t<div class=\"wd-post-date wd-style-with-bg\">\n\t\t\t\t<span class=\"post-date-day\">\n\t\t\t\t\t09\t\t\t\t<\/span>\n\t\t\t\t<span class=\"post-date-month\">\n\t\t\t\t\tEyl\t\t\t\t<\/span>\n\t\t\t<\/div>\n\t\t\t\t\t\t\t\t\t<\/div>\n\t\t\n\t\t<div class=\"wd-post-content article-body-container\">\n\t\t\t\n\t\t\t\t\t\t\t<h3 class=\"wd-post-title wd-entities-title title post-title\">\n\t\t\t\t\t<a href=\"https:\/\/binbirgecemasallari.com\/masal-oku-almila-ada-ve-gokkusagi-kralligi\/\" rel=\"bookmark\">Almila Ada ve G\u00f6kku\u015fa\u011f\u0131 Krall\u0131\u011f\u0131<\/a>\n\t\t\t\t<\/h3>\n\t\t\t\n\t\t\t\n\t\t\t\t\t\t\t\n\t\t\t\t\t\t\t\t\t<\/div>\n\t<\/div>\n<\/article>\n\n\t\t\t\t\t\t\t\t\t\t\t\n<article id=\"post-3483\" class=\"wd-post blog-design-masonry blog-post-loop blog-style-bg wd-add-shadow wd-col post-3483 post type-post status-publish format-standard has-post-thumbnail hentry category-isme-ozel-masallar category-3-yas-masallari category-4-yas-masallari category-5-yas-masallari category-6-yas-masallari category-7-yas-masallari category-fantastik-masallar category-uyku-masallari tag-araba-masali tag-cocuk-masallari tag-fantastik-masallar tag-isme-ozel-masal tag-masal-dinle tag-masal-oku tag-uyku-masallari\">\n\t<div class=\"wd-post-inner article-inner\">\n\t\t\t\t\t<div class=\"wd-post-thumb entry-header\">\n\t\t\t\t\t\t\t\t\t<div class=\"wd-post-img post-img-wrapp\">\n\t\t\t\t\t\t<img width=\"1024\" height=\"1024\" src=\"https:\/\/binbirgecemasallari.com\/wp-content\/themes\/woodmart\/images\/lazy.svg\" class=\"attachment-large size-large\" alt=\"masal oku\" decoding=\"async\" srcset=\"\" sizes=\"(max-width: 1024px) 100vw, 1024px\" data-src=\"https:\/\/binbirgecemasallari.com\/wp-content\/uploads\/2024\/09\/Cinar-Alp-ve-Karasimsekin-Buyulu-Macerasi-masal-oku.jpg\" data-srcset=\"https:\/\/binbirgecemasallari.com\/wp-content\/uploads\/2024\/09\/Cinar-Alp-ve-Karasimsekin-Buyulu-Macerasi-masal-oku.jpg 1024w, https:\/\/binbirgecemasallari.com\/wp-content\/uploads\/2024\/09\/Cinar-Alp-ve-Karasimsekin-Buyulu-Macerasi-masal-oku-300x300.jpg 300w, https:\/\/binbirgecemasallari.com\/wp-content\/uploads\/2024\/09\/Cinar-Alp-ve-Karasimsekin-Buyulu-Macerasi-masal-oku-150x150.jpg 150w, https:\/\/binbirgecemasallari.com\/wp-content\/uploads\/2024\/09\/Cinar-Alp-ve-Karasimsekin-Buyulu-Macerasi-masal-oku-768x768.jpg 768w, https:\/\/binbirgecemasallari.com\/wp-content\/uploads\/2024\/09\/Cinar-Alp-ve-Karasimsekin-Buyulu-Macerasi-masal-oku-600x600.jpg 600w\" \/>\t\t\t\t\t<\/div>\n\t\t\t\t\t<a class=\"wd-fill\" href=\"https:\/\/binbirgecemasallari.com\/masal-oku-cinar-alp-ve-karasimsek\/\"><\/a>\n\t\t\t\t\n\t\t\t\t\t\t\t\t\t\t\t\t<div class=\"wd-post-date wd-style-with-bg\">\n\t\t\t\t<span class=\"post-date-day\">\n\t\t\t\t\t09\t\t\t\t<\/span>\n\t\t\t\t<span class=\"post-date-month\">\n\t\t\t\t\tEyl\t\t\t\t<\/span>\n\t\t\t<\/div>\n\t\t\t\t\t\t\t\t\t<\/div>\n\t\t\n\t\t<div class=\"wd-post-content article-body-container\">\n\t\t\t\n\t\t\t\t\t\t\t<h3 class=\"wd-post-title wd-entities-title title post-title\">\n\t\t\t\t\t<a href=\"https:\/\/binbirgecemasallari.com\/masal-oku-cinar-alp-ve-karasimsek\/\" rel=\"bookmark\">\u00c7\u0131nar Alp ve Kara\u015fim\u015fek\u2019in B\u00fcy\u00fcl\u00fc Maceras\u0131<\/a>\n\t\t\t\t<\/h3>\n\t\t\t\n\t\t\t\n\t\t\t\t\t\t\t\n\t\t\t\t\t\t\t\t\t<\/div>\n\t<\/div>\n<\/article>\n\n\t\t\t\t\t\n\t\t\t\t\t","status":"have-posts","nextPage":"https:\/\/binbirgecemasallari.com\/tum-masallar\/page\/15\/?woo_ajax=1","currentPage":"https:\/\/binbirgecemasallari.com\/tum-masallar\/page\/14"}