
			
				

					
				

			
		{"items":"\n\t\t\t\t\t\t\t\t\t\t\t\n<article id=\"post-3148\" class=\"wd-post blog-design-masonry blog-post-loop blog-style-bg wd-add-shadow wd-col post-3148 post type-post status-publish format-standard has-post-thumbnail hentry category-isme-ozel-masallar category-10-yas-masallari-oku category-5-yas-masallari category-6-yas-masallari category-7-yas-masallari category-8-yas-masallari-oku category-9-yas-masallari-oku category-fantastik-masallar category-macera-hikayeleri category-uyku-masallari\">\n\t<div class=\"wd-post-inner article-inner\">\n\t\t\t\t\t<div class=\"wd-post-thumb entry-header\">\n\t\t\t\t\t\t\t\t\t<div class=\"wd-post-img post-img-wrapp\">\n\t\t\t\t\t\t<img width=\"1024\" height=\"1024\" src=\"https:\/\/binbirgecemasallari.com\/wp-content\/themes\/woodmart\/images\/lazy.svg\" class=\"attachment-large size-large\" alt=\"B\u00fc\u015fra ve Burak\u2019\u0131n Sihirli Orman Maceras\u0131 masal oku\" decoding=\"async\" srcset=\"\" sizes=\"(max-width: 1024px) 100vw, 1024px\" data-src=\"https:\/\/binbirgecemasallari.com\/wp-content\/uploads\/2024\/08\/Busra-ve-Burakin-Sihirli-Orman-Macerasi-masal-oku-1024x1024.jpeg\" data-srcset=\"https:\/\/binbirgecemasallari.com\/wp-content\/uploads\/2024\/08\/Busra-ve-Burakin-Sihirli-Orman-Macerasi-masal-oku-1024x1024.jpeg 1024w, https:\/\/binbirgecemasallari.com\/wp-content\/uploads\/2024\/08\/Busra-ve-Burakin-Sihirli-Orman-Macerasi-masal-oku-300x300.jpeg 300w, https:\/\/binbirgecemasallari.com\/wp-content\/uploads\/2024\/08\/Busra-ve-Burakin-Sihirli-Orman-Macerasi-masal-oku-150x150.jpeg 150w, https:\/\/binbirgecemasallari.com\/wp-content\/uploads\/2024\/08\/Busra-ve-Burakin-Sihirli-Orman-Macerasi-masal-oku-768x768.jpeg 768w, https:\/\/binbirgecemasallari.com\/wp-content\/uploads\/2024\/08\/Busra-ve-Burakin-Sihirli-Orman-Macerasi-masal-oku-1536x1536.jpeg 1536w, https:\/\/binbirgecemasallari.com\/wp-content\/uploads\/2024\/08\/Busra-ve-Burakin-Sihirli-Orman-Macerasi-masal-oku.jpeg 1600w\" \/>\t\t\t\t\t<\/div>\n\t\t\t\t\t<a class=\"wd-fill\" href=\"https:\/\/binbirgecemasallari.com\/masal-oku-busra-burak-sihirli-orman-masali\/\"><\/a>\n\t\t\t\t\n\t\t\t\t\t\t\t\t\t\t\t\t<link rel=\"stylesheet\" id=\"wd-post-types-mod-date-style-bg-css\" href=\"https:\/\/binbirgecemasallari.com\/wp-content\/themes\/woodmart\/css\/parts\/post-types-mod-date-style-bg.min.css?ver=8.2.7\" type=\"text\/css\" media=\"all\" \/> \t\t\t\t\t\t<div class=\"wd-post-date wd-style-with-bg\">\n\t\t\t\t<span class=\"post-date-day\">\n\t\t\t\t\t26\t\t\t\t<\/span>\n\t\t\t\t<span class=\"post-date-month\">\n\t\t\t\t\tA\u011fu\t\t\t\t<\/span>\n\t\t\t<\/div>\n\t\t\t\t\t\t\t\t\t<\/div>\n\t\t\n\t\t<div class=\"wd-post-content article-body-container\">\n\t\t\t\n\t\t\t\t\t\t\t<h3 class=\"wd-post-title wd-entities-title title post-title\">\n\t\t\t\t\t<a href=\"https:\/\/binbirgecemasallari.com\/masal-oku-busra-burak-sihirli-orman-masali\/\" rel=\"bookmark\">B\u00fc\u015fra ve Burak\u2019\u0131n Sihirli Orman Maceras\u0131<\/a>\n\t\t\t\t<\/h3>\n\t\t\t\n\t\t\t\n\t\t\t\t\t\t\t\n\t\t\t\t\t\t\t\t\t<\/div>\n\t<\/div>\n<\/article>\n\n\t\t\t\t\t\t\t\t\t\t\t\n<article id=\"post-3133\" class=\"wd-post blog-design-masonry blog-post-loop blog-style-bg wd-add-shadow wd-col post-3133 post type-post status-publish format-standard has-post-thumbnail hentry category-isme-ozel-masallar category-5-yas-masallari category-6-yas-masallari category-7-yas-masallari category-8-yas-masallari-oku category-doga-ve-cevre-masallari category-fantastik-masallar category-hayvan-masallari category-uyku-masallari\">\n\t<div class=\"wd-post-inner article-inner\">\n\t\t\t\t\t<div class=\"wd-post-thumb entry-header\">\n\t\t\t\t\t\t\t\t\t<div class=\"wd-post-img post-img-wrapp\">\n\t\t\t\t\t\t<img width=\"1024\" height=\"1024\" src=\"https:\/\/binbirgecemasallari.com\/wp-content\/themes\/woodmart\/images\/lazy.svg\" class=\"attachment-large size-large\" alt=\"\u0130lkim Elif ve Orman\u0131n B\u00fcy\u00fck S\u00fcrprizi masal\u0131 oku\" decoding=\"async\" srcset=\"\" sizes=\"(max-width: 1024px) 100vw, 1024px\" data-src=\"https:\/\/binbirgecemasallari.com\/wp-content\/uploads\/2024\/08\/Ilkim-Elif-ve-Ormanin-Buyuk-Surprizi-masali-oku.jpeg\" data-srcset=\"https:\/\/binbirgecemasallari.com\/wp-content\/uploads\/2024\/08\/Ilkim-Elif-ve-Ormanin-Buyuk-Surprizi-masali-oku.jpeg 1024w, https:\/\/binbirgecemasallari.com\/wp-content\/uploads\/2024\/08\/Ilkim-Elif-ve-Ormanin-Buyuk-Surprizi-masali-oku-300x300.jpeg 300w, https:\/\/binbirgecemasallari.com\/wp-content\/uploads\/2024\/08\/Ilkim-Elif-ve-Ormanin-Buyuk-Surprizi-masali-oku-150x150.jpeg 150w, https:\/\/binbirgecemasallari.com\/wp-content\/uploads\/2024\/08\/Ilkim-Elif-ve-Ormanin-Buyuk-Surprizi-masali-oku-768x768.jpeg 768w\" \/>\t\t\t\t\t<\/div>\n\t\t\t\t\t<a class=\"wd-fill\" href=\"https:\/\/binbirgecemasallari.com\/masal-oku-ilkim-ve-ormanin-buyuk-surprizi\/\"><\/a>\n\t\t\t\t\n\t\t\t\t\t\t\t\t\t\t\t\t<div class=\"wd-post-date wd-style-with-bg\">\n\t\t\t\t<span class=\"post-date-day\">\n\t\t\t\t\t25\t\t\t\t<\/span>\n\t\t\t\t<span class=\"post-date-month\">\n\t\t\t\t\tA\u011fu\t\t\t\t<\/span>\n\t\t\t<\/div>\n\t\t\t\t\t\t\t\t\t<\/div>\n\t\t\n\t\t<div class=\"wd-post-content article-body-container\">\n\t\t\t\n\t\t\t\t\t\t\t<h3 class=\"wd-post-title wd-entities-title title post-title\">\n\t\t\t\t\t<a href=\"https:\/\/binbirgecemasallari.com\/masal-oku-ilkim-ve-ormanin-buyuk-surprizi\/\" rel=\"bookmark\">\u0130lkim Elif ve Orman\u0131n B\u00fcy\u00fck S\u00fcrprizi<\/a>\n\t\t\t\t<\/h3>\n\t\t\t\n\t\t\t\n\t\t\t\t\t\t\t\n\t\t\t\t\t\t\t\t\t<\/div>\n\t<\/div>\n<\/article>\n\n\t\t\t\t\t\t\t\t\t\t\t\n<article id=\"post-3131\" class=\"wd-post blog-design-masonry blog-post-loop blog-style-bg wd-add-shadow wd-col post-3131 post type-post status-publish format-standard has-post-thumbnail hentry category-isme-ozel-masallar category-3-yas-masallari category-4-yas-masallari category-5-yas-masallari category-6-yas-masallari category-7-yas-masallari category-fantastik-masallar category-klasik-masallar category-uyku-masallari tag-barbie-masali tag-cocuk-masallari tag-isme-ozel-masal tag-masal-dinle tag-masal-oku tag-uyku-masallari\">\n\t<div class=\"wd-post-inner article-inner\">\n\t\t\t\t\t<div class=\"wd-post-thumb entry-header\">\n\t\t\t\t\t\t\t\t\t<div class=\"wd-post-img post-img-wrapp\">\n\t\t\t\t\t\t<img width=\"1024\" height=\"1024\" src=\"https:\/\/binbirgecemasallari.com\/wp-content\/themes\/woodmart\/images\/lazy.svg\" class=\"attachment-large size-large\" alt=\"barbie masal\u0131\" decoding=\"async\" srcset=\"\" sizes=\"(max-width: 1024px) 100vw, 1024px\" data-src=\"https:\/\/binbirgecemasallari.com\/wp-content\/uploads\/2024\/08\/barbie-masali.jpeg\" data-srcset=\"https:\/\/binbirgecemasallari.com\/wp-content\/uploads\/2024\/08\/barbie-masali.jpeg 1024w, https:\/\/binbirgecemasallari.com\/wp-content\/uploads\/2024\/08\/barbie-masali-300x300.jpeg 300w, https:\/\/binbirgecemasallari.com\/wp-content\/uploads\/2024\/08\/barbie-masali-150x150.jpeg 150w, https:\/\/binbirgecemasallari.com\/wp-content\/uploads\/2024\/08\/barbie-masali-768x768.jpeg 768w\" \/>\t\t\t\t\t<\/div>\n\t\t\t\t\t<a class=\"wd-fill\" href=\"https:\/\/binbirgecemasallari.com\/masal-oku-barbie-macerasi\/\"><\/a>\n\t\t\t\t\n\t\t\t\t\t\t\t\t\t\t\t\t<div class=\"wd-post-date wd-style-with-bg\">\n\t\t\t\t<span class=\"post-date-day\">\n\t\t\t\t\t25\t\t\t\t<\/span>\n\t\t\t\t<span class=\"post-date-month\">\n\t\t\t\t\tA\u011fu\t\t\t\t<\/span>\n\t\t\t<\/div>\n\t\t\t\t\t\t\t\t\t<\/div>\n\t\t\n\t\t<div class=\"wd-post-content article-body-container\">\n\t\t\t\n\t\t\t\t\t\t\t<h3 class=\"wd-post-title wd-entities-title title post-title\">\n\t\t\t\t\t<a href=\"https:\/\/binbirgecemasallari.com\/masal-oku-barbie-macerasi\/\" rel=\"bookmark\">Asya Sultan&#8217;\u0131n Barbie Maceras\u0131<\/a>\n\t\t\t\t<\/h3>\n\t\t\t\n\t\t\t\n\t\t\t\t\t\t\t\n\t\t\t\t\t\t\t\t\t<\/div>\n\t<\/div>\n<\/article>\n\n\t\t\t\t\t\t\t\t\t\t\t\n<article id=\"post-3128\" class=\"wd-post blog-design-masonry blog-post-loop blog-style-bg wd-add-shadow wd-col post-3128 post type-post status-publish format-standard has-post-thumbnail hentry category-isme-ozel-masallar category-10-yas-masallari-oku category-7-yas-masallari category-8-yas-masallari-oku category-9-yas-masallari-oku category-elsa-ve-anna-masallari category-fantastik-masallar category-macera-hikayeleri category-uyku-masallari tag-cocuk-masallari tag-elsa-masali tag-masal-dinle tag-masal-oku tag-uyku-masallari\">\n\t<div class=\"wd-post-inner article-inner\">\n\t\t\t\t\t<div class=\"wd-post-thumb entry-header\">\n\t\t\t\t\t\t\t\t\t<div class=\"wd-post-img post-img-wrapp\">\n\t\t\t\t\t\t<img width=\"1024\" height=\"1024\" src=\"https:\/\/binbirgecemasallari.com\/wp-content\/themes\/woodmart\/images\/lazy.svg\" class=\"attachment-large size-large\" alt=\"elsa ve kuromi my melody masal oku\" decoding=\"async\" srcset=\"\" sizes=\"(max-width: 1024px) 100vw, 1024px\" data-src=\"https:\/\/binbirgecemasallari.com\/wp-content\/uploads\/2024\/08\/elsa-ve-kuromi-my-melody-masal-oku.jpg\" data-srcset=\"https:\/\/binbirgecemasallari.com\/wp-content\/uploads\/2024\/08\/elsa-ve-kuromi-my-melody-masal-oku.jpg 1024w, https:\/\/binbirgecemasallari.com\/wp-content\/uploads\/2024\/08\/elsa-ve-kuromi-my-melody-masal-oku-300x300.jpg 300w, https:\/\/binbirgecemasallari.com\/wp-content\/uploads\/2024\/08\/elsa-ve-kuromi-my-melody-masal-oku-150x150.jpg 150w, https:\/\/binbirgecemasallari.com\/wp-content\/uploads\/2024\/08\/elsa-ve-kuromi-my-melody-masal-oku-768x768.jpg 768w\" \/>\t\t\t\t\t<\/div>\n\t\t\t\t\t<a class=\"wd-fill\" href=\"https:\/\/binbirgecemasallari.com\/masal-oku-zeynebserra-ile-fantastik-macera\/\"><\/a>\n\t\t\t\t\n\t\t\t\t\t\t\t\t\t\t\t\t<div class=\"wd-post-date wd-style-with-bg\">\n\t\t\t\t<span class=\"post-date-day\">\n\t\t\t\t\t25\t\t\t\t<\/span>\n\t\t\t\t<span class=\"post-date-month\">\n\t\t\t\t\tA\u011fu\t\t\t\t<\/span>\n\t\t\t<\/div>\n\t\t\t\t\t\t\t\t\t<\/div>\n\t\t\n\t\t<div class=\"wd-post-content article-body-container\">\n\t\t\t\n\t\t\t\t\t\t\t<h3 class=\"wd-post-title wd-entities-title title post-title\">\n\t\t\t\t\t<a href=\"https:\/\/binbirgecemasallari.com\/masal-oku-zeynebserra-ile-fantastik-macera\/\" rel=\"bookmark\">Zeyneb Serra\u2019n\u0131n Fantastik Maceras\u0131<\/a>\n\t\t\t\t<\/h3>\n\t\t\t\n\t\t\t\n\t\t\t\t\t\t\t\n\t\t\t\t\t\t\t\t\t<\/div>\n\t<\/div>\n<\/article>\n\n\t\t\t\t\t\t\t\t\t\t\t\n<article id=\"post-3105\" class=\"wd-post blog-design-masonry blog-post-loop blog-style-bg wd-add-shadow wd-col post-3105 post type-post status-publish format-standard has-post-thumbnail hentry category-isme-ozel-masallar category-10-yas-masallari-oku category-4-yas-masallari category-5-yas-masallari category-6-yas-masallari category-7-yas-masallari category-8-yas-masallari-oku category-9-yas-masallari-oku category-bilim-kurgu-masallari category-fantastik-masallar category-macera-hikayeleri category-uyku-masallari\">\n\t<div class=\"wd-post-inner article-inner\">\n\t\t\t\t\t<div class=\"wd-post-thumb entry-header\">\n\t\t\t\t\t\t\t\t\t<div class=\"wd-post-img post-img-wrapp\">\n\t\t\t\t\t\t<img width=\"1024\" height=\"1024\" src=\"https:\/\/binbirgecemasallari.com\/wp-content\/themes\/woodmart\/images\/lazy.svg\" class=\"attachment-large size-large\" alt=\"Meryem Erva ve Ahsen\u2019in Gezegenler Aras\u0131 Maceras\u0131 masal oku\" decoding=\"async\" srcset=\"\" sizes=\"(max-width: 1024px) 100vw, 1024px\" data-src=\"https:\/\/binbirgecemasallari.com\/wp-content\/uploads\/2024\/08\/Meryem-Erva-ve-Ahsenin-Gezegenler-Arasi-Macerasi-masal-oku-1024x1024.jpeg\" data-srcset=\"https:\/\/binbirgecemasallari.com\/wp-content\/uploads\/2024\/08\/Meryem-Erva-ve-Ahsenin-Gezegenler-Arasi-Macerasi-masal-oku-1024x1024.jpeg 1024w, https:\/\/binbirgecemasallari.com\/wp-content\/uploads\/2024\/08\/Meryem-Erva-ve-Ahsenin-Gezegenler-Arasi-Macerasi-masal-oku-300x300.jpeg 300w, https:\/\/binbirgecemasallari.com\/wp-content\/uploads\/2024\/08\/Meryem-Erva-ve-Ahsenin-Gezegenler-Arasi-Macerasi-masal-oku-150x150.jpeg 150w, https:\/\/binbirgecemasallari.com\/wp-content\/uploads\/2024\/08\/Meryem-Erva-ve-Ahsenin-Gezegenler-Arasi-Macerasi-masal-oku-768x768.jpeg 768w, https:\/\/binbirgecemasallari.com\/wp-content\/uploads\/2024\/08\/Meryem-Erva-ve-Ahsenin-Gezegenler-Arasi-Macerasi-masal-oku-1536x1536.jpeg 1536w, https:\/\/binbirgecemasallari.com\/wp-content\/uploads\/2024\/08\/Meryem-Erva-ve-Ahsenin-Gezegenler-Arasi-Macerasi-masal-oku.jpeg 2048w\" \/>\t\t\t\t\t<\/div>\n\t\t\t\t\t<a class=\"wd-fill\" href=\"https:\/\/binbirgecemasallari.com\/masal-oku-gezegenler-arasi-macera\/\"><\/a>\n\t\t\t\t\n\t\t\t\t\t\t\t\t\t\t\t\t<div class=\"wd-post-date wd-style-with-bg\">\n\t\t\t\t<span class=\"post-date-day\">\n\t\t\t\t\t23\t\t\t\t<\/span>\n\t\t\t\t<span class=\"post-date-month\">\n\t\t\t\t\tA\u011fu\t\t\t\t<\/span>\n\t\t\t<\/div>\n\t\t\t\t\t\t\t\t\t<\/div>\n\t\t\n\t\t<div class=\"wd-post-content article-body-container\">\n\t\t\t\n\t\t\t\t\t\t\t<h3 class=\"wd-post-title wd-entities-title title post-title\">\n\t\t\t\t\t<a href=\"https:\/\/binbirgecemasallari.com\/masal-oku-gezegenler-arasi-macera\/\" rel=\"bookmark\">Meryem Erva ve Ahsen\u2019in Gezegenler Aras\u0131 Maceras\u0131<\/a>\n\t\t\t\t<\/h3>\n\t\t\t\n\t\t\t\n\t\t\t\t\t\t\t\n\t\t\t\t\t\t\t\t\t<\/div>\n\t<\/div>\n<\/article>\n\n\t\t\t\t\t\t\t\t\t\t\t\n<article id=\"post-3104\" class=\"wd-post blog-design-masonry blog-post-loop blog-style-bg wd-add-shadow wd-col post-3104 post type-post status-publish format-standard has-post-thumbnail hentry category-isme-ozel-masallar category-2-yas-masallari category-3-yas-masallari category-4-yas-masallari category-5-yas-masallari category-6-yas-masallari category-7-yas-masallari category-bebek-masallari category-doga-ve-cevre-masallari category-egitici-masallar category-fantastik-masallar category-klasik-masallar category-uyku-masallari\">\n\t<div class=\"wd-post-inner article-inner\">\n\t\t\t\t\t<div class=\"wd-post-thumb entry-header\">\n\t\t\t\t\t\t\t\t\t<div class=\"wd-post-img post-img-wrapp\">\n\t\t\t\t\t\t<img width=\"1024\" height=\"1024\" src=\"https:\/\/binbirgecemasallari.com\/wp-content\/themes\/woodmart\/images\/lazy.svg\" class=\"attachment-large size-large\" alt=\"Z\u00fcmra ve Kerem\u2019in G\u00f6kku\u015fa\u011f\u0131 Maceras\u0131 masal oku\" decoding=\"async\" srcset=\"\" sizes=\"(max-width: 1024px) 100vw, 1024px\" data-src=\"https:\/\/binbirgecemasallari.com\/wp-content\/uploads\/2024\/08\/Zumra-ve-Keremin-Gokkusagi-Macerasi-masal-oku.jpeg\" data-srcset=\"https:\/\/binbirgecemasallari.com\/wp-content\/uploads\/2024\/08\/Zumra-ve-Keremin-Gokkusagi-Macerasi-masal-oku.jpeg 1024w, https:\/\/binbirgecemasallari.com\/wp-content\/uploads\/2024\/08\/Zumra-ve-Keremin-Gokkusagi-Macerasi-masal-oku-300x300.jpeg 300w, https:\/\/binbirgecemasallari.com\/wp-content\/uploads\/2024\/08\/Zumra-ve-Keremin-Gokkusagi-Macerasi-masal-oku-150x150.jpeg 150w, https:\/\/binbirgecemasallari.com\/wp-content\/uploads\/2024\/08\/Zumra-ve-Keremin-Gokkusagi-Macerasi-masal-oku-768x768.jpeg 768w\" \/>\t\t\t\t\t<\/div>\n\t\t\t\t\t<a class=\"wd-fill\" href=\"https:\/\/binbirgecemasallari.com\/masal-oku-kardeslerin-gokkusagi-macerasi\/\"><\/a>\n\t\t\t\t\n\t\t\t\t\t\t\t\t\t\t\t\t<div class=\"wd-post-date wd-style-with-bg\">\n\t\t\t\t<span class=\"post-date-day\">\n\t\t\t\t\t23\t\t\t\t<\/span>\n\t\t\t\t<span class=\"post-date-month\">\n\t\t\t\t\tA\u011fu\t\t\t\t<\/span>\n\t\t\t<\/div>\n\t\t\t\t\t\t\t\t\t<\/div>\n\t\t\n\t\t<div class=\"wd-post-content article-body-container\">\n\t\t\t\n\t\t\t\t\t\t\t<h3 class=\"wd-post-title wd-entities-title title post-title\">\n\t\t\t\t\t<a href=\"https:\/\/binbirgecemasallari.com\/masal-oku-kardeslerin-gokkusagi-macerasi\/\" rel=\"bookmark\">Z\u00fcmra ve Kerem\u2019in G\u00f6kku\u015fa\u011f\u0131 Maceras\u0131<\/a>\n\t\t\t\t<\/h3>\n\t\t\t\n\t\t\t\n\t\t\t\t\t\t\t\n\t\t\t\t\t\t\t\t\t<\/div>\n\t<\/div>\n<\/article>\n\n\t\t\t\t\t\t\t\t\t\t\t\n<article id=\"post-3103\" class=\"wd-post blog-design-masonry blog-post-loop blog-style-bg wd-add-shadow wd-col post-3103 post type-post status-publish format-standard has-post-thumbnail hentry category-isme-ozel-masallar category-3-yas-masallari category-4-yas-masallari category-5-yas-masallari category-6-yas-masallari category-7-yas-masallari category-doga-ve-cevre-masallari category-fantastik-masallar category-hayvan-masallari category-klasik-masallar category-uyku-masallari\">\n\t<div class=\"wd-post-inner article-inner\">\n\t\t\t\t\t<div class=\"wd-post-thumb entry-header\">\n\t\t\t\t\t\t\t\t\t<div class=\"wd-post-img post-img-wrapp\">\n\t\t\t\t\t\t<img width=\"1024\" height=\"1024\" src=\"https:\/\/binbirgecemasallari.com\/wp-content\/themes\/woodmart\/images\/lazy.svg\" class=\"attachment-large size-large\" alt=\"Buz Prensesi Eyl\u00fcl masal oku\" decoding=\"async\" srcset=\"\" sizes=\"(max-width: 1024px) 100vw, 1024px\" data-src=\"https:\/\/binbirgecemasallari.com\/wp-content\/uploads\/2024\/08\/Buz-Prensesi-Eylul-masal-oku.jpeg\" data-srcset=\"https:\/\/binbirgecemasallari.com\/wp-content\/uploads\/2024\/08\/Buz-Prensesi-Eylul-masal-oku.jpeg 1024w, https:\/\/binbirgecemasallari.com\/wp-content\/uploads\/2024\/08\/Buz-Prensesi-Eylul-masal-oku-300x300.jpeg 300w, https:\/\/binbirgecemasallari.com\/wp-content\/uploads\/2024\/08\/Buz-Prensesi-Eylul-masal-oku-150x150.jpeg 150w, https:\/\/binbirgecemasallari.com\/wp-content\/uploads\/2024\/08\/Buz-Prensesi-Eylul-masal-oku-768x768.jpeg 768w\" \/>\t\t\t\t\t<\/div>\n\t\t\t\t\t<a class=\"wd-fill\" href=\"https:\/\/binbirgecemasallari.com\/masal-oku-buz-prensesi-eylul\/\"><\/a>\n\t\t\t\t\n\t\t\t\t\t\t\t\t\t\t\t\t<div class=\"wd-post-date wd-style-with-bg\">\n\t\t\t\t<span class=\"post-date-day\">\n\t\t\t\t\t23\t\t\t\t<\/span>\n\t\t\t\t<span class=\"post-date-month\">\n\t\t\t\t\tA\u011fu\t\t\t\t<\/span>\n\t\t\t<\/div>\n\t\t\t\t\t\t\t\t\t<\/div>\n\t\t\n\t\t<div class=\"wd-post-content article-body-container\">\n\t\t\t\n\t\t\t\t\t\t\t<h3 class=\"wd-post-title wd-entities-title title post-title\">\n\t\t\t\t\t<a href=\"https:\/\/binbirgecemasallari.com\/masal-oku-buz-prensesi-eylul\/\" rel=\"bookmark\">Buz Prensesi Eyl\u00fcl<\/a>\n\t\t\t\t<\/h3>\n\t\t\t\n\t\t\t\n\t\t\t\t\t\t\t\n\t\t\t\t\t\t\t\t\t<\/div>\n\t<\/div>\n<\/article>\n\n\t\t\t\t\t\t\t\t\t\t\t\n<article id=\"post-3031\" class=\"wd-post blog-design-masonry blog-post-loop blog-style-bg wd-add-shadow wd-col post-3031 post type-post status-publish format-standard has-post-thumbnail hentry category-isme-ozel-masallar category-3-yas-masallari category-4-yas-masallari category-5-yas-masallari category-6-yas-masallari category-doga-ve-cevre-masallari category-hayvan-masallari category-uyku-masallari\">\n\t<div class=\"wd-post-inner article-inner\">\n\t\t\t\t\t<div class=\"wd-post-thumb entry-header\">\n\t\t\t\t\t\t\t\t\t<div class=\"wd-post-img post-img-wrapp\">\n\t\t\t\t\t\t<img width=\"1024\" height=\"1024\" src=\"https:\/\/binbirgecemasallari.com\/wp-content\/themes\/woodmart\/images\/lazy.svg\" class=\"attachment-large size-large\" alt=\"Belinay ve Minik Tedi masal oku\" decoding=\"async\" srcset=\"\" sizes=\"(max-width: 1024px) 100vw, 1024px\" data-src=\"https:\/\/binbirgecemasallari.com\/wp-content\/uploads\/2024\/08\/Belinay-ve-Minik-Tedi-masal-oku-1024x1024.jpg\" data-srcset=\"https:\/\/binbirgecemasallari.com\/wp-content\/uploads\/2024\/08\/Belinay-ve-Minik-Tedi-masal-oku-1024x1024.jpg 1024w, https:\/\/binbirgecemasallari.com\/wp-content\/uploads\/2024\/08\/Belinay-ve-Minik-Tedi-masal-oku-300x300.jpg 300w, https:\/\/binbirgecemasallari.com\/wp-content\/uploads\/2024\/08\/Belinay-ve-Minik-Tedi-masal-oku-150x150.jpg 150w, https:\/\/binbirgecemasallari.com\/wp-content\/uploads\/2024\/08\/Belinay-ve-Minik-Tedi-masal-oku-768x768.jpg 768w, https:\/\/binbirgecemasallari.com\/wp-content\/uploads\/2024\/08\/Belinay-ve-Minik-Tedi-masal-oku-1536x1536.jpg 1536w, https:\/\/binbirgecemasallari.com\/wp-content\/uploads\/2024\/08\/Belinay-ve-Minik-Tedi-masal-oku.jpg 2048w\" \/>\t\t\t\t\t<\/div>\n\t\t\t\t\t<a class=\"wd-fill\" href=\"https:\/\/binbirgecemasallari.com\/masal-oku-belinay-ve-minik-tedi\/\"><\/a>\n\t\t\t\t\n\t\t\t\t\t\t\t\t\t\t\t\t<div class=\"wd-post-date wd-style-with-bg\">\n\t\t\t\t<span class=\"post-date-day\">\n\t\t\t\t\t22\t\t\t\t<\/span>\n\t\t\t\t<span class=\"post-date-month\">\n\t\t\t\t\tA\u011fu\t\t\t\t<\/span>\n\t\t\t<\/div>\n\t\t\t\t\t\t\t\t\t<\/div>\n\t\t\n\t\t<div class=\"wd-post-content article-body-container\">\n\t\t\t\n\t\t\t\t\t\t\t<h3 class=\"wd-post-title wd-entities-title title post-title\">\n\t\t\t\t\t<a href=\"https:\/\/binbirgecemasallari.com\/masal-oku-belinay-ve-minik-tedi\/\" rel=\"bookmark\">Belinay ve Minik Tedi<\/a>\n\t\t\t\t<\/h3>\n\t\t\t\n\t\t\t\n\t\t\t\t\t\t\t\n\t\t\t\t\t\t\t\t\t<\/div>\n\t<\/div>\n<\/article>\n\n\t\t\t\t\t\t\t\t\t\t\t\n<article id=\"post-3030\" class=\"wd-post blog-design-masonry blog-post-loop blog-style-bg wd-add-shadow wd-col post-3030 post type-post status-publish format-standard has-post-thumbnail hentry category-isme-ozel-masallar category-10-yas-masallari-oku category-6-yas-masallari category-7-yas-masallari category-8-yas-masallari-oku category-9-yas-masallari-oku category-doga-ve-cevre-masallari category-fantastik-masallar category-klasik-masallar category-uyku-masallari\">\n\t<div class=\"wd-post-inner article-inner\">\n\t\t\t\t\t<div class=\"wd-post-thumb entry-header\">\n\t\t\t\t\t\t\t\t\t<div class=\"wd-post-img post-img-wrapp\">\n\t\t\t\t\t\t<img width=\"1024\" height=\"1024\" src=\"https:\/\/binbirgecemasallari.com\/wp-content\/themes\/woodmart\/images\/lazy.svg\" class=\"attachment-large size-large\" alt=\"Tuna ve Mira\u00e7\u2019\u0131n Denizalt\u0131 Krall\u0131\u011f\u0131 Maceras\u0131 masal oku\" decoding=\"async\" srcset=\"\" sizes=\"(max-width: 1024px) 100vw, 1024px\" data-src=\"https:\/\/binbirgecemasallari.com\/wp-content\/uploads\/2024\/08\/Tuna-ve-Miracin-Denizalti-Kralligi-Macerasi-masal-oku.jpg\" data-srcset=\"https:\/\/binbirgecemasallari.com\/wp-content\/uploads\/2024\/08\/Tuna-ve-Miracin-Denizalti-Kralligi-Macerasi-masal-oku.jpg 1024w, https:\/\/binbirgecemasallari.com\/wp-content\/uploads\/2024\/08\/Tuna-ve-Miracin-Denizalti-Kralligi-Macerasi-masal-oku-300x300.jpg 300w, https:\/\/binbirgecemasallari.com\/wp-content\/uploads\/2024\/08\/Tuna-ve-Miracin-Denizalti-Kralligi-Macerasi-masal-oku-150x150.jpg 150w, https:\/\/binbirgecemasallari.com\/wp-content\/uploads\/2024\/08\/Tuna-ve-Miracin-Denizalti-Kralligi-Macerasi-masal-oku-768x768.jpg 768w\" \/>\t\t\t\t\t<\/div>\n\t\t\t\t\t<a class=\"wd-fill\" href=\"https:\/\/binbirgecemasallari.com\/masal-oku-kardesler-denizalti-kralliginda\/\"><\/a>\n\t\t\t\t\n\t\t\t\t\t\t\t\t\t\t\t\t<div class=\"wd-post-date wd-style-with-bg\">\n\t\t\t\t<span class=\"post-date-day\">\n\t\t\t\t\t22\t\t\t\t<\/span>\n\t\t\t\t<span class=\"post-date-month\">\n\t\t\t\t\tA\u011fu\t\t\t\t<\/span>\n\t\t\t<\/div>\n\t\t\t\t\t\t\t\t\t<\/div>\n\t\t\n\t\t<div class=\"wd-post-content article-body-container\">\n\t\t\t\n\t\t\t\t\t\t\t<h3 class=\"wd-post-title wd-entities-title title post-title\">\n\t\t\t\t\t<a href=\"https:\/\/binbirgecemasallari.com\/masal-oku-kardesler-denizalti-kralliginda\/\" rel=\"bookmark\">Tuna ve Mira\u00e7\u2019\u0131n Denizalt\u0131 Krall\u0131\u011f\u0131 Maceras\u0131<\/a>\n\t\t\t\t<\/h3>\n\t\t\t\n\t\t\t\n\t\t\t\t\t\t\t\n\t\t\t\t\t\t\t\t\t<\/div>\n\t<\/div>\n<\/article>\n\n\t\t\t\t\t\t\t\t\t\t\t\n<article id=\"post-3027\" class=\"wd-post blog-design-masonry blog-post-loop blog-style-bg wd-add-shadow wd-col post-3027 post type-post status-publish format-standard has-post-thumbnail hentry category-uyku-masallari category-10-yas-masallari-oku category-6-yas-masallari category-7-yas-masallari category-8-yas-masallari-oku category-9-yas-masallari-oku category-futbol-masallari category-isme-ozel-masallar\">\n\t<div class=\"wd-post-inner article-inner\">\n\t\t\t\t\t<div class=\"wd-post-thumb entry-header\">\n\t\t\t\t\t\t\t\t\t<div class=\"wd-post-img post-img-wrapp\">\n\t\t\t\t\t\t<img width=\"1024\" height=\"1024\" src=\"https:\/\/binbirgecemasallari.com\/wp-content\/themes\/woodmart\/images\/lazy.svg\" class=\"attachment-large size-large\" alt=\"Mete Hamza ve Bedirhan\u2019\u0131n B\u00fcy\u00fck Ma\u00e7\u0131 masal oku\" decoding=\"async\" srcset=\"\" sizes=\"(max-width: 1024px) 100vw, 1024px\" data-src=\"https:\/\/binbirgecemasallari.com\/wp-content\/uploads\/2024\/08\/Mete-Hamza-ve-Bedirhanin-Buyuk-Maci-masal-oku.jpg\" data-srcset=\"https:\/\/binbirgecemasallari.com\/wp-content\/uploads\/2024\/08\/Mete-Hamza-ve-Bedirhanin-Buyuk-Maci-masal-oku.jpg 1024w, https:\/\/binbirgecemasallari.com\/wp-content\/uploads\/2024\/08\/Mete-Hamza-ve-Bedirhanin-Buyuk-Maci-masal-oku-300x300.jpg 300w, https:\/\/binbirgecemasallari.com\/wp-content\/uploads\/2024\/08\/Mete-Hamza-ve-Bedirhanin-Buyuk-Maci-masal-oku-150x150.jpg 150w, https:\/\/binbirgecemasallari.com\/wp-content\/uploads\/2024\/08\/Mete-Hamza-ve-Bedirhanin-Buyuk-Maci-masal-oku-768x768.jpg 768w\" \/>\t\t\t\t\t<\/div>\n\t\t\t\t\t<a class=\"wd-fill\" href=\"https:\/\/binbirgecemasallari.com\/masal-oku-kardeslerin-buyuk-maci\/\"><\/a>\n\t\t\t\t\n\t\t\t\t\t\t\t\t\t\t\t\t<div class=\"wd-post-date wd-style-with-bg\">\n\t\t\t\t<span class=\"post-date-day\">\n\t\t\t\t\t22\t\t\t\t<\/span>\n\t\t\t\t<span class=\"post-date-month\">\n\t\t\t\t\tA\u011fu\t\t\t\t<\/span>\n\t\t\t<\/div>\n\t\t\t\t\t\t\t\t\t<\/div>\n\t\t\n\t\t<div class=\"wd-post-content article-body-container\">\n\t\t\t\n\t\t\t\t\t\t\t<h3 class=\"wd-post-title wd-entities-title title post-title\">\n\t\t\t\t\t<a href=\"https:\/\/binbirgecemasallari.com\/masal-oku-kardeslerin-buyuk-maci\/\" rel=\"bookmark\">Mete Hamza ve Bedirhan\u2019\u0131n B\u00fcy\u00fck Ma\u00e7\u0131<\/a>\n\t\t\t\t<\/h3>\n\t\t\t\n\t\t\t\n\t\t\t\t\t\t\t\n\t\t\t\t\t\t\t\t\t<\/div>\n\t<\/div>\n<\/article>\n\n\t\t\t\t\t\n\t\t\t\t\t","status":"have-posts","nextPage":"https:\/\/binbirgecemasallari.com\/tum-masallar\/page\/23\/?woo_ajax=1","currentPage":"https:\/\/binbirgecemasallari.com\/tum-masallar\/page\/22"}