
			
				

					
				

			
		{"items":"\n\t\t\t\t\t\t\t\t\t\t\t\n<article id=\"post-4830\" class=\"wd-post blog-design-masonry blog-post-loop blog-style-bg wd-add-shadow wd-col post-4830 post type-post status-publish format-standard has-post-thumbnail hentry category-5-yas-masallari category-2-yas-masallari category-3-yas-masallari category-4-yas-masallari category-bebek-masallari category-doga-ve-cevre-masallari category-egitici-masallar category-fantastik-masallar category-isme-ozel-masallar category-uyku-masallari tag-cocuk-masallari tag-doga-masallari tag-fantastik-masallar tag-hayvan-masali tag-isme-ozel-masal tag-kardes-hikayesi tag-kardes-masali tag-masal-dinle tag-masal-oku tag-uyku-masallari\">\n\t<div class=\"wd-post-inner article-inner\">\n\t\t\t\t\t<div class=\"wd-post-thumb entry-header\">\n\t\t\t\t\t\t\t\t\t<div class=\"wd-post-img post-img-wrapp\">\n\t\t\t\t\t\t<img width=\"1024\" height=\"1024\" src=\"https:\/\/binbirgecemasallari.com\/wp-content\/themes\/woodmart\/images\/lazy.svg\" class=\"attachment-large size-large\" alt=\"Deniz Said ve Toprak&#039;\u0131n Macera Dolu Yolculu\u011fu masal oku\" decoding=\"async\" srcset=\"\" sizes=\"(max-width: 1024px) 100vw, 1024px\" data-src=\"https:\/\/binbirgecemasallari.com\/wp-content\/uploads\/2024\/10\/Deniz-Said-ve-Toprakin-Macera-Dolu-Yolculugu-masal-oku.webp\" data-srcset=\"https:\/\/binbirgecemasallari.com\/wp-content\/uploads\/2024\/10\/Deniz-Said-ve-Toprakin-Macera-Dolu-Yolculugu-masal-oku.webp 1024w, https:\/\/binbirgecemasallari.com\/wp-content\/uploads\/2024\/10\/Deniz-Said-ve-Toprakin-Macera-Dolu-Yolculugu-masal-oku-300x300.webp 300w, https:\/\/binbirgecemasallari.com\/wp-content\/uploads\/2024\/10\/Deniz-Said-ve-Toprakin-Macera-Dolu-Yolculugu-masal-oku-150x150.webp 150w, https:\/\/binbirgecemasallari.com\/wp-content\/uploads\/2024\/10\/Deniz-Said-ve-Toprakin-Macera-Dolu-Yolculugu-masal-oku-768x768.webp 768w, https:\/\/binbirgecemasallari.com\/wp-content\/uploads\/2024\/10\/Deniz-Said-ve-Toprakin-Macera-Dolu-Yolculugu-masal-oku-600x600.webp 600w\" \/>\t\t\t\t\t<\/div>\n\t\t\t\t\t<a class=\"wd-fill\" href=\"https:\/\/binbirgecemasallari.com\/masal-oku-deniz-ve-toprakin-yolculugu\/\"><\/a>\n\t\t\t\t\n\t\t\t\t\t\t\t\t\t\t\t\t<link rel=\"stylesheet\" id=\"wd-post-types-mod-date-style-bg-css\" href=\"https:\/\/binbirgecemasallari.com\/wp-content\/themes\/woodmart\/css\/parts\/post-types-mod-date-style-bg.min.css?ver=8.2.7\" type=\"text\/css\" media=\"all\" \/> \t\t\t\t\t\t<div class=\"wd-post-date wd-style-with-bg\">\n\t\t\t\t<span class=\"post-date-day\">\n\t\t\t\t\t09\t\t\t\t<\/span>\n\t\t\t\t<span class=\"post-date-month\">\n\t\t\t\t\tEki\t\t\t\t<\/span>\n\t\t\t<\/div>\n\t\t\t\t\t\t\t\t\t<\/div>\n\t\t\n\t\t<div class=\"wd-post-content article-body-container\">\n\t\t\t\n\t\t\t\t\t\t\t<h3 class=\"wd-post-title wd-entities-title title post-title\">\n\t\t\t\t\t<a href=\"https:\/\/binbirgecemasallari.com\/masal-oku-deniz-ve-toprakin-yolculugu\/\" rel=\"bookmark\">Deniz Said ve Toprak&#8217;\u0131n Macera Dolu Yolculu\u011fu<\/a>\n\t\t\t\t<\/h3>\n\t\t\t\n\t\t\t\n\t\t\t\t\t\t\t\n\t\t\t\t\t\t\t\t\t<\/div>\n\t<\/div>\n<\/article>\n\n\t\t\t\t\t\t\t\t\t\t\t\n<article id=\"post-4810\" class=\"wd-post blog-design-masonry blog-post-loop blog-style-bg wd-add-shadow wd-col post-4810 post type-post status-publish format-standard has-post-thumbnail hentry category-isme-ozel-masallar category-2-yas-masallari category-3-yas-masallari category-4-yas-masallari category-bebek-masallari category-fantastik-masallar category-hayvan-masallari category-uyku-masallari tag-cocuk-masallari tag-doga-masallari tag-fantastik-masallar tag-hayvan-masali tag-isme-ozel-masal tag-kardes-masali tag-masal-dinle tag-masal-oku tag-uyku-masallari\">\n\t<div class=\"wd-post-inner article-inner\">\n\t\t\t\t\t<div class=\"wd-post-thumb entry-header\">\n\t\t\t\t\t\t\t\t\t<div class=\"wd-post-img post-img-wrapp\">\n\t\t\t\t\t\t<img width=\"1024\" height=\"1024\" src=\"https:\/\/binbirgecemasallari.com\/wp-content\/themes\/woodmart\/images\/lazy.svg\" class=\"attachment-large size-large\" alt=\"Eva Dora ve Prenses\u2019in B\u00fcy\u00fcl\u00fc Yolculu\u011fu masal oku\" decoding=\"async\" srcset=\"\" sizes=\"(max-width: 1024px) 100vw, 1024px\" data-src=\"https:\/\/binbirgecemasallari.com\/wp-content\/uploads\/2024\/10\/Eva-Dora-ve-Prensesin-Buyulu-Yolculugu-masal-oku-1024x1024.png\" data-srcset=\"https:\/\/binbirgecemasallari.com\/wp-content\/uploads\/2024\/10\/Eva-Dora-ve-Prensesin-Buyulu-Yolculugu-masal-oku-1024x1024.png 1024w, https:\/\/binbirgecemasallari.com\/wp-content\/uploads\/2024\/10\/Eva-Dora-ve-Prensesin-Buyulu-Yolculugu-masal-oku-300x300.png 300w, https:\/\/binbirgecemasallari.com\/wp-content\/uploads\/2024\/10\/Eva-Dora-ve-Prensesin-Buyulu-Yolculugu-masal-oku-150x150.png 150w, https:\/\/binbirgecemasallari.com\/wp-content\/uploads\/2024\/10\/Eva-Dora-ve-Prensesin-Buyulu-Yolculugu-masal-oku-768x768.png 768w, https:\/\/binbirgecemasallari.com\/wp-content\/uploads\/2024\/10\/Eva-Dora-ve-Prensesin-Buyulu-Yolculugu-masal-oku-600x600.png 600w, https:\/\/binbirgecemasallari.com\/wp-content\/uploads\/2024\/10\/Eva-Dora-ve-Prensesin-Buyulu-Yolculugu-masal-oku.png 1080w\" \/>\t\t\t\t\t<\/div>\n\t\t\t\t\t<a class=\"wd-fill\" href=\"https:\/\/binbirgecemasallari.com\/masal-oku-eva-dora-ve-prensesin-yolculugu\/\"><\/a>\n\t\t\t\t\n\t\t\t\t\t\t\t\t\t\t\t\t<div class=\"wd-post-date wd-style-with-bg\">\n\t\t\t\t<span class=\"post-date-day\">\n\t\t\t\t\t09\t\t\t\t<\/span>\n\t\t\t\t<span class=\"post-date-month\">\n\t\t\t\t\tEki\t\t\t\t<\/span>\n\t\t\t<\/div>\n\t\t\t\t\t\t\t\t\t<\/div>\n\t\t\n\t\t<div class=\"wd-post-content article-body-container\">\n\t\t\t\n\t\t\t\t\t\t\t<h3 class=\"wd-post-title wd-entities-title title post-title\">\n\t\t\t\t\t<a href=\"https:\/\/binbirgecemasallari.com\/masal-oku-eva-dora-ve-prensesin-yolculugu\/\" rel=\"bookmark\">Eva Dora ve Prenses\u2019in B\u00fcy\u00fcl\u00fc Yolculu\u011fu<\/a>\n\t\t\t\t<\/h3>\n\t\t\t\n\t\t\t\n\t\t\t\t\t\t\t\n\t\t\t\t\t\t\t\t\t<\/div>\n\t<\/div>\n<\/article>\n\n\t\t\t\t\t\t\t\t\t\t\t\n<article id=\"post-4801\" class=\"wd-post blog-design-masonry blog-post-loop blog-style-bg wd-add-shadow wd-col post-4801 post type-post status-publish format-standard has-post-thumbnail hentry category-isme-ozel-masallar category-4-yas-masallari category-5-yas-masallari category-6-yas-masallari category-7-yas-masallari category-doga-ve-cevre-masallari category-egitici-masallar category-fantastik-masallar category-hayvan-masallari category-uyku-masallari tag-cocuk-masallari tag-doga-masallari tag-fantastik-masallar tag-hayvan-masali tag-isme-ozel-masal tag-masal-dinle tag-masal-oku tag-uyku-masallari\">\n\t<div class=\"wd-post-inner article-inner\">\n\t\t\t\t\t<div class=\"wd-post-thumb entry-header\">\n\t\t\t\t\t\t\t\t\t<div class=\"wd-post-img post-img-wrapp\">\n\t\t\t\t\t\t<img width=\"1024\" height=\"1024\" src=\"https:\/\/binbirgecemasallari.com\/wp-content\/themes\/woodmart\/images\/lazy.svg\" class=\"attachment-large size-large\" alt=\"Elvin Ada ve Do\u011fan\u0131n Gizemli Dostlar\u0131 masla oku\" decoding=\"async\" srcset=\"\" sizes=\"(max-width: 1024px) 100vw, 1024px\" data-src=\"https:\/\/binbirgecemasallari.com\/wp-content\/uploads\/2024\/10\/Elvin-Ada-ve-Doganin-Gizemli-Dostlari-masla-oku.webp\" data-srcset=\"https:\/\/binbirgecemasallari.com\/wp-content\/uploads\/2024\/10\/Elvin-Ada-ve-Doganin-Gizemli-Dostlari-masla-oku.webp 1024w, https:\/\/binbirgecemasallari.com\/wp-content\/uploads\/2024\/10\/Elvin-Ada-ve-Doganin-Gizemli-Dostlari-masla-oku-300x300.webp 300w, https:\/\/binbirgecemasallari.com\/wp-content\/uploads\/2024\/10\/Elvin-Ada-ve-Doganin-Gizemli-Dostlari-masla-oku-150x150.webp 150w, https:\/\/binbirgecemasallari.com\/wp-content\/uploads\/2024\/10\/Elvin-Ada-ve-Doganin-Gizemli-Dostlari-masla-oku-768x768.webp 768w, https:\/\/binbirgecemasallari.com\/wp-content\/uploads\/2024\/10\/Elvin-Ada-ve-Doganin-Gizemli-Dostlari-masla-oku-600x600.webp 600w\" \/>\t\t\t\t\t<\/div>\n\t\t\t\t\t<a class=\"wd-fill\" href=\"https:\/\/binbirgecemasallari.com\/masal-oku-elvinada-ve-gizemli-dostlari\/\"><\/a>\n\t\t\t\t\n\t\t\t\t\t\t\t\t\t\t\t\t<div class=\"wd-post-date wd-style-with-bg\">\n\t\t\t\t<span class=\"post-date-day\">\n\t\t\t\t\t09\t\t\t\t<\/span>\n\t\t\t\t<span class=\"post-date-month\">\n\t\t\t\t\tEki\t\t\t\t<\/span>\n\t\t\t<\/div>\n\t\t\t\t\t\t\t\t\t<\/div>\n\t\t\n\t\t<div class=\"wd-post-content article-body-container\">\n\t\t\t\n\t\t\t\t\t\t\t<h3 class=\"wd-post-title wd-entities-title title post-title\">\n\t\t\t\t\t<a href=\"https:\/\/binbirgecemasallari.com\/masal-oku-elvinada-ve-gizemli-dostlari\/\" rel=\"bookmark\">Elvin Ada ve Do\u011fan\u0131n Gizemli Dostlar\u0131<\/a>\n\t\t\t\t<\/h3>\n\t\t\t\n\t\t\t\n\t\t\t\t\t\t\t\n\t\t\t\t\t\t\t\t\t<\/div>\n\t<\/div>\n<\/article>\n\n\t\t\t\t\t\t\t\t\t\t\t\n<article id=\"post-4777\" class=\"wd-post blog-design-masonry blog-post-loop blog-style-bg wd-add-shadow wd-col post-4777 post type-post status-publish format-standard has-post-thumbnail hentry category-isme-ozel-masallar category-3-yas-masallari category-4-yas-masallari category-5-yas-masallari category-6-yas-masallari category-doga-ve-cevre-masallari category-egitici-masallar category-uyku-masallari tag-cocuk-masallari tag-doga-masallari tag-dostluk-masali tag-isme-ozel-masal tag-masal-dinle tag-masal-oku tag-uyku-masallari\">\n\t<div class=\"wd-post-inner article-inner\">\n\t\t\t\t\t<div class=\"wd-post-thumb entry-header\">\n\t\t\t\t\t\t\t\t\t<div class=\"wd-post-img post-img-wrapp\">\n\t\t\t\t\t\t<img width=\"1024\" height=\"1024\" src=\"https:\/\/binbirgecemasallari.com\/wp-content\/themes\/woodmart\/images\/lazy.svg\" class=\"attachment-large size-large\" alt=\"Esra \u00d6\u011fretmen ve \u00d6\u011frencilerinin Dostluk \u015eatosu Maceras\u0131 masal oku\" decoding=\"async\" srcset=\"\" sizes=\"(max-width: 1024px) 100vw, 1024px\" data-src=\"https:\/\/binbirgecemasallari.com\/wp-content\/uploads\/2024\/10\/Esra-Ogretmen-ve-Ogrencilerinin-Dostluk-Satosu-Macerasi-masal-oku-1024x1024.png\" data-srcset=\"https:\/\/binbirgecemasallari.com\/wp-content\/uploads\/2024\/10\/Esra-Ogretmen-ve-Ogrencilerinin-Dostluk-Satosu-Macerasi-masal-oku-1024x1024.png 1024w, https:\/\/binbirgecemasallari.com\/wp-content\/uploads\/2024\/10\/Esra-Ogretmen-ve-Ogrencilerinin-Dostluk-Satosu-Macerasi-masal-oku-300x300.png 300w, https:\/\/binbirgecemasallari.com\/wp-content\/uploads\/2024\/10\/Esra-Ogretmen-ve-Ogrencilerinin-Dostluk-Satosu-Macerasi-masal-oku-150x150.png 150w, https:\/\/binbirgecemasallari.com\/wp-content\/uploads\/2024\/10\/Esra-Ogretmen-ve-Ogrencilerinin-Dostluk-Satosu-Macerasi-masal-oku-768x768.png 768w, https:\/\/binbirgecemasallari.com\/wp-content\/uploads\/2024\/10\/Esra-Ogretmen-ve-Ogrencilerinin-Dostluk-Satosu-Macerasi-masal-oku-600x600.png 600w, https:\/\/binbirgecemasallari.com\/wp-content\/uploads\/2024\/10\/Esra-Ogretmen-ve-Ogrencilerinin-Dostluk-Satosu-Macerasi-masal-oku.png 1080w\" \/>\t\t\t\t\t<\/div>\n\t\t\t\t\t<a class=\"wd-fill\" href=\"https:\/\/binbirgecemasallari.com\/masal-oku-esra-ogretmen-ve-ogrencileri\/\"><\/a>\n\t\t\t\t\n\t\t\t\t\t\t\t\t\t\t\t\t<div class=\"wd-post-date wd-style-with-bg\">\n\t\t\t\t<span class=\"post-date-day\">\n\t\t\t\t\t05\t\t\t\t<\/span>\n\t\t\t\t<span class=\"post-date-month\">\n\t\t\t\t\tEki\t\t\t\t<\/span>\n\t\t\t<\/div>\n\t\t\t\t\t\t\t\t\t<\/div>\n\t\t\n\t\t<div class=\"wd-post-content article-body-container\">\n\t\t\t\n\t\t\t\t\t\t\t<h3 class=\"wd-post-title wd-entities-title title post-title\">\n\t\t\t\t\t<a href=\"https:\/\/binbirgecemasallari.com\/masal-oku-esra-ogretmen-ve-ogrencileri\/\" rel=\"bookmark\">Esra \u00d6\u011fretmen ve \u00d6\u011frencilerinin Dostluk \u015eatosu Maceras\u0131<\/a>\n\t\t\t\t<\/h3>\n\t\t\t\n\t\t\t\n\t\t\t\t\t\t\t\n\t\t\t\t\t\t\t\t\t<\/div>\n\t<\/div>\n<\/article>\n\n\t\t\t\t\t\t\t\t\t\t\t\n<article id=\"post-4767\" class=\"wd-post blog-design-masonry blog-post-loop blog-style-bg wd-add-shadow wd-col post-4767 post type-post status-publish format-standard has-post-thumbnail hentry category-isme-ozel-masallar category-2-yas-masallari category-3-yas-masallari category-4-yas-masallari category-5-yas-masallari category-6-yas-masallari category-bebek-masallari category-dini-masallar category-doga-ve-cevre-masallari category-egitici-masallar category-fantastik-masallar category-uyku-masallari tag-cocuk-masallari tag-doga-masallari tag-fantastik-masallar tag-isme-ozel-masal tag-kardes-hikayesi tag-kardes-masali tag-masal-dinle tag-masal-oku tag-uyku-masallari\">\n\t<div class=\"wd-post-inner article-inner\">\n\t\t\t\t\t<div class=\"wd-post-thumb entry-header\">\n\t\t\t\t\t\t\t\t\t<div class=\"wd-post-img post-img-wrapp\">\n\t\t\t\t\t\t<img width=\"1024\" height=\"1024\" src=\"https:\/\/binbirgecemasallari.com\/wp-content\/themes\/woodmart\/images\/lazy.svg\" class=\"attachment-large size-large\" alt=\"Vera ve Alin&#039;in Sihirli Kitab\u0131 masal oku\" decoding=\"async\" srcset=\"\" sizes=\"(max-width: 1024px) 100vw, 1024px\" data-src=\"https:\/\/binbirgecemasallari.com\/wp-content\/uploads\/2024\/10\/Vera-ve-Alinin-Sihirli-Kitabi-masal-oku-1024x1024.png\" data-srcset=\"https:\/\/binbirgecemasallari.com\/wp-content\/uploads\/2024\/10\/Vera-ve-Alinin-Sihirli-Kitabi-masal-oku-1024x1024.png 1024w, https:\/\/binbirgecemasallari.com\/wp-content\/uploads\/2024\/10\/Vera-ve-Alinin-Sihirli-Kitabi-masal-oku-300x300.png 300w, https:\/\/binbirgecemasallari.com\/wp-content\/uploads\/2024\/10\/Vera-ve-Alinin-Sihirli-Kitabi-masal-oku-150x150.png 150w, https:\/\/binbirgecemasallari.com\/wp-content\/uploads\/2024\/10\/Vera-ve-Alinin-Sihirli-Kitabi-masal-oku-768x768.png 768w, https:\/\/binbirgecemasallari.com\/wp-content\/uploads\/2024\/10\/Vera-ve-Alinin-Sihirli-Kitabi-masal-oku-600x600.png 600w, https:\/\/binbirgecemasallari.com\/wp-content\/uploads\/2024\/10\/Vera-ve-Alinin-Sihirli-Kitabi-masal-oku.png 1080w\" \/>\t\t\t\t\t<\/div>\n\t\t\t\t\t<a class=\"wd-fill\" href=\"https:\/\/binbirgecemasallari.com\/masal-oku-vera-ve-alinin-sihirli-kitabi\/\"><\/a>\n\t\t\t\t\n\t\t\t\t\t\t\t\t\t\t\t\t<div class=\"wd-post-date wd-style-with-bg\">\n\t\t\t\t<span class=\"post-date-day\">\n\t\t\t\t\t05\t\t\t\t<\/span>\n\t\t\t\t<span class=\"post-date-month\">\n\t\t\t\t\tEki\t\t\t\t<\/span>\n\t\t\t<\/div>\n\t\t\t\t\t\t\t\t\t<\/div>\n\t\t\n\t\t<div class=\"wd-post-content article-body-container\">\n\t\t\t\n\t\t\t\t\t\t\t<h3 class=\"wd-post-title wd-entities-title title post-title\">\n\t\t\t\t\t<a href=\"https:\/\/binbirgecemasallari.com\/masal-oku-vera-ve-alinin-sihirli-kitabi\/\" rel=\"bookmark\">Vera ve Alin&#8217;in Sihirli Kitab\u0131<\/a>\n\t\t\t\t<\/h3>\n\t\t\t\n\t\t\t\n\t\t\t\t\t\t\t\n\t\t\t\t\t\t\t\t\t<\/div>\n\t<\/div>\n<\/article>\n\n\t\t\t\t\t\t\t\t\t\t\t\n<article id=\"post-4750\" class=\"wd-post blog-design-masonry blog-post-loop blog-style-bg wd-add-shadow wd-col post-4750 post type-post status-publish format-standard has-post-thumbnail hentry category-isme-ozel-masallar category-2-yas-masallari category-3-yas-masallari category-4-yas-masallari category-5-yas-masallari category-bebek-masallari category-futbol-masallari category-uyku-masallari tag-cocuk-masallari tag-futbol-masallari tag-isme-ozel-masal tag-masal-dinle tag-masal-oku tag-uyku-masallari\">\n\t<div class=\"wd-post-inner article-inner\">\n\t\t\t\t\t<div class=\"wd-post-thumb entry-header\">\n\t\t\t\t\t\t\t\t\t<div class=\"wd-post-img post-img-wrapp\">\n\t\t\t\t\t\t<img width=\"1024\" height=\"1024\" src=\"https:\/\/binbirgecemasallari.com\/wp-content\/themes\/woodmart\/images\/lazy.svg\" class=\"attachment-large size-large\" alt=\"Barlas\u2019\u0131n Galatasaray R\u00fcyas\u0131 masal oku\" decoding=\"async\" srcset=\"\" sizes=\"(max-width: 1024px) 100vw, 1024px\" data-src=\"https:\/\/binbirgecemasallari.com\/wp-content\/uploads\/2024\/10\/Barlasin-Galatasaray-Ruyasi-masal-oku-1024x1024.png\" data-srcset=\"https:\/\/binbirgecemasallari.com\/wp-content\/uploads\/2024\/10\/Barlasin-Galatasaray-Ruyasi-masal-oku-1024x1024.png 1024w, https:\/\/binbirgecemasallari.com\/wp-content\/uploads\/2024\/10\/Barlasin-Galatasaray-Ruyasi-masal-oku-300x300.png 300w, https:\/\/binbirgecemasallari.com\/wp-content\/uploads\/2024\/10\/Barlasin-Galatasaray-Ruyasi-masal-oku-150x150.png 150w, https:\/\/binbirgecemasallari.com\/wp-content\/uploads\/2024\/10\/Barlasin-Galatasaray-Ruyasi-masal-oku-768x768.png 768w, https:\/\/binbirgecemasallari.com\/wp-content\/uploads\/2024\/10\/Barlasin-Galatasaray-Ruyasi-masal-oku-600x600.png 600w, https:\/\/binbirgecemasallari.com\/wp-content\/uploads\/2024\/10\/Barlasin-Galatasaray-Ruyasi-masal-oku.png 1080w\" \/>\t\t\t\t\t<\/div>\n\t\t\t\t\t<a class=\"wd-fill\" href=\"https:\/\/binbirgecemasallari.com\/masal-oku-barlasin-galatasaray-ruyasi\/\"><\/a>\n\t\t\t\t\n\t\t\t\t\t\t\t\t\t\t\t\t<div class=\"wd-post-date wd-style-with-bg\">\n\t\t\t\t<span class=\"post-date-day\">\n\t\t\t\t\t04\t\t\t\t<\/span>\n\t\t\t\t<span class=\"post-date-month\">\n\t\t\t\t\tEki\t\t\t\t<\/span>\n\t\t\t<\/div>\n\t\t\t\t\t\t\t\t\t<\/div>\n\t\t\n\t\t<div class=\"wd-post-content article-body-container\">\n\t\t\t\n\t\t\t\t\t\t\t<h3 class=\"wd-post-title wd-entities-title title post-title\">\n\t\t\t\t\t<a href=\"https:\/\/binbirgecemasallari.com\/masal-oku-barlasin-galatasaray-ruyasi\/\" rel=\"bookmark\">Barlas\u2019\u0131n Galatasaray R\u00fcyas\u0131<\/a>\n\t\t\t\t<\/h3>\n\t\t\t\n\t\t\t\n\t\t\t\t\t\t\t\n\t\t\t\t\t\t\t\t\t<\/div>\n\t<\/div>\n<\/article>\n\n\t\t\t\t\t\t\t\t\t\t\t\n<article id=\"post-4734\" class=\"wd-post blog-design-masonry blog-post-loop blog-style-bg wd-add-shadow wd-col post-4734 post type-post status-publish format-standard has-post-thumbnail hentry category-isme-ozel-masallar category-3-yas-masallari category-4-yas-masallari category-5-yas-masallari category-6-yas-masallari category-7-yas-masallari category-elsa-ve-anna-masallari category-fantastik-masallar category-uyku-masallari tag-cocuk-masallari tag-elsa-masali tag-fantastik-masallar tag-isme-ozel-masal tag-masal-dinle tag-masal-oku tag-uyku-masallari\">\n\t<div class=\"wd-post-inner article-inner\">\n\t\t\t\t\t<div class=\"wd-post-thumb entry-header\">\n\t\t\t\t\t\t\t\t\t<div class=\"wd-post-img post-img-wrapp\">\n\t\t\t\t\t\t<img width=\"1024\" height=\"1024\" src=\"https:\/\/binbirgecemasallari.com\/wp-content\/themes\/woodmart\/images\/lazy.svg\" class=\"attachment-large size-large\" alt=\"Ayb\u00fcke\u2019nin Karlar \u00dclkesi Maceras\u0131 masal oku\" decoding=\"async\" srcset=\"\" sizes=\"(max-width: 1024px) 100vw, 1024px\" data-src=\"https:\/\/binbirgecemasallari.com\/wp-content\/uploads\/2024\/10\/Aybukenin-Karlar-Ulkesi-Macerasi-masal-oku-1024x1024.png\" data-srcset=\"https:\/\/binbirgecemasallari.com\/wp-content\/uploads\/2024\/10\/Aybukenin-Karlar-Ulkesi-Macerasi-masal-oku-1024x1024.png 1024w, https:\/\/binbirgecemasallari.com\/wp-content\/uploads\/2024\/10\/Aybukenin-Karlar-Ulkesi-Macerasi-masal-oku-300x300.png 300w, https:\/\/binbirgecemasallari.com\/wp-content\/uploads\/2024\/10\/Aybukenin-Karlar-Ulkesi-Macerasi-masal-oku-150x150.png 150w, https:\/\/binbirgecemasallari.com\/wp-content\/uploads\/2024\/10\/Aybukenin-Karlar-Ulkesi-Macerasi-masal-oku-768x768.png 768w, https:\/\/binbirgecemasallari.com\/wp-content\/uploads\/2024\/10\/Aybukenin-Karlar-Ulkesi-Macerasi-masal-oku-600x600.png 600w, https:\/\/binbirgecemasallari.com\/wp-content\/uploads\/2024\/10\/Aybukenin-Karlar-Ulkesi-Macerasi-masal-oku.png 1080w\" \/>\t\t\t\t\t<\/div>\n\t\t\t\t\t<a class=\"wd-fill\" href=\"https:\/\/binbirgecemasallari.com\/masal-oku-aybukenin-karlar-ulkesi-macerasi\/\"><\/a>\n\t\t\t\t\n\t\t\t\t\t\t\t\t\t\t\t\t<div class=\"wd-post-date wd-style-with-bg\">\n\t\t\t\t<span class=\"post-date-day\">\n\t\t\t\t\t04\t\t\t\t<\/span>\n\t\t\t\t<span class=\"post-date-month\">\n\t\t\t\t\tEki\t\t\t\t<\/span>\n\t\t\t<\/div>\n\t\t\t\t\t\t\t\t\t<\/div>\n\t\t\n\t\t<div class=\"wd-post-content article-body-container\">\n\t\t\t\n\t\t\t\t\t\t\t<h3 class=\"wd-post-title wd-entities-title title post-title\">\n\t\t\t\t\t<a href=\"https:\/\/binbirgecemasallari.com\/masal-oku-aybukenin-karlar-ulkesi-macerasi\/\" rel=\"bookmark\">Ayb\u00fcke\u2019nin Karlar \u00dclkesi Maceras\u0131<\/a>\n\t\t\t\t<\/h3>\n\t\t\t\n\t\t\t\n\t\t\t\t\t\t\t\n\t\t\t\t\t\t\t\t\t<\/div>\n\t<\/div>\n<\/article>\n\n\t\t\t\t\t\t\t\t\t\t\t\n<article id=\"post-4733\" class=\"wd-post blog-design-masonry blog-post-loop blog-style-bg wd-add-shadow wd-col post-4733 post type-post status-publish format-standard has-post-thumbnail hentry category-isme-ozel-masallar category-3-yas-masallari category-4-yas-masallari category-5-yas-masallari category-6-yas-masallari category-7-yas-masallari category-elsa-ve-anna-masallari category-fantastik-masallar category-uyku-masallari tag-cocuk-masallari tag-elsa-masali tag-fantastik-masallar tag-isme-ozel-masal tag-kardes-hikayesi tag-kardes-masali tag-masal-dinle tag-masal-oku tag-uyku-masallari\">\n\t<div class=\"wd-post-inner article-inner\">\n\t\t\t\t\t<div class=\"wd-post-thumb entry-header\">\n\t\t\t\t\t\t\t\t\t<div class=\"wd-post-img post-img-wrapp\">\n\t\t\t\t\t\t<img width=\"1024\" height=\"1024\" src=\"https:\/\/binbirgecemasallari.com\/wp-content\/themes\/woodmart\/images\/lazy.svg\" class=\"attachment-large size-large\" alt=\"Leyla ve Mihra&#039;n\u0131n Karlar \u00dclkesi Maceras\u0131 masal oku\" decoding=\"async\" srcset=\"\" sizes=\"(max-width: 1024px) 100vw, 1024px\" data-src=\"https:\/\/binbirgecemasallari.com\/wp-content\/uploads\/2024\/10\/Leyla-ve-Mihranin-Karlar-Ulkesi-Macerasi-masal-oku-1024x1024.png\" data-srcset=\"https:\/\/binbirgecemasallari.com\/wp-content\/uploads\/2024\/10\/Leyla-ve-Mihranin-Karlar-Ulkesi-Macerasi-masal-oku-1024x1024.png 1024w, https:\/\/binbirgecemasallari.com\/wp-content\/uploads\/2024\/10\/Leyla-ve-Mihranin-Karlar-Ulkesi-Macerasi-masal-oku-300x300.png 300w, https:\/\/binbirgecemasallari.com\/wp-content\/uploads\/2024\/10\/Leyla-ve-Mihranin-Karlar-Ulkesi-Macerasi-masal-oku-150x150.png 150w, https:\/\/binbirgecemasallari.com\/wp-content\/uploads\/2024\/10\/Leyla-ve-Mihranin-Karlar-Ulkesi-Macerasi-masal-oku-768x768.png 768w, https:\/\/binbirgecemasallari.com\/wp-content\/uploads\/2024\/10\/Leyla-ve-Mihranin-Karlar-Ulkesi-Macerasi-masal-oku-600x600.png 600w, https:\/\/binbirgecemasallari.com\/wp-content\/uploads\/2024\/10\/Leyla-ve-Mihranin-Karlar-Ulkesi-Macerasi-masal-oku.png 1080w\" \/>\t\t\t\t\t<\/div>\n\t\t\t\t\t<a class=\"wd-fill\" href=\"https:\/\/binbirgecemasallari.com\/masal-oku-elsa-ve-anna-ile-karlar-ulkesi\/\"><\/a>\n\t\t\t\t\n\t\t\t\t\t\t\t\t\t\t\t\t<div class=\"wd-post-date wd-style-with-bg\">\n\t\t\t\t<span class=\"post-date-day\">\n\t\t\t\t\t04\t\t\t\t<\/span>\n\t\t\t\t<span class=\"post-date-month\">\n\t\t\t\t\tEki\t\t\t\t<\/span>\n\t\t\t<\/div>\n\t\t\t\t\t\t\t\t\t<\/div>\n\t\t\n\t\t<div class=\"wd-post-content article-body-container\">\n\t\t\t\n\t\t\t\t\t\t\t<h3 class=\"wd-post-title wd-entities-title title post-title\">\n\t\t\t\t\t<a href=\"https:\/\/binbirgecemasallari.com\/masal-oku-elsa-ve-anna-ile-karlar-ulkesi\/\" rel=\"bookmark\">Leyla ve Mihra&#8217;n\u0131n Karlar \u00dclkesi Maceras\u0131<\/a>\n\t\t\t\t<\/h3>\n\t\t\t\n\t\t\t\n\t\t\t\t\t\t\t\n\t\t\t\t\t\t\t\t\t<\/div>\n\t<\/div>\n<\/article>\n\n\t\t\t\t\t\t\t\t\t\t\t\n<article id=\"post-4732\" class=\"wd-post blog-design-masonry blog-post-loop blog-style-bg wd-add-shadow wd-col post-4732 post type-post status-publish format-standard has-post-thumbnail hentry category-isme-ozel-masallar category-3-yas-masallari category-4-yas-masallari category-5-yas-masallari category-6-yas-masallari category-7-yas-masallari category-fantastik-masallar category-uyku-masallari tag-araba-masali tag-araba-masallari tag-cocuk-masallari tag-fantastik-masallar tag-isme-ozel-masal tag-masal-dinle tag-masal-oku tag-uyku-masallari tag-yaris-arabasi\">\n\t<div class=\"wd-post-inner article-inner\">\n\t\t\t\t\t<div class=\"wd-post-thumb entry-header\">\n\t\t\t\t\t\t\t\t\t<div class=\"wd-post-img post-img-wrapp\">\n\t\t\t\t\t\t<img width=\"1024\" height=\"1024\" src=\"https:\/\/binbirgecemasallari.com\/wp-content\/themes\/woodmart\/images\/lazy.svg\" class=\"attachment-large size-large\" alt=\"Yunus ve Sihirli Hot Wheels \u015eehri\u2019nin Gizemli Maceras\u0131 masal oku\" decoding=\"async\" srcset=\"\" sizes=\"(max-width: 1024px) 100vw, 1024px\" data-src=\"https:\/\/binbirgecemasallari.com\/wp-content\/uploads\/2024\/10\/Yunus-ve-Sihirli-Hot-Wheels-Sehrinin-Gizemli-Macerasi-masal-oku.webp\" data-srcset=\"https:\/\/binbirgecemasallari.com\/wp-content\/uploads\/2024\/10\/Yunus-ve-Sihirli-Hot-Wheels-Sehrinin-Gizemli-Macerasi-masal-oku.webp 1024w, https:\/\/binbirgecemasallari.com\/wp-content\/uploads\/2024\/10\/Yunus-ve-Sihirli-Hot-Wheels-Sehrinin-Gizemli-Macerasi-masal-oku-300x300.webp 300w, https:\/\/binbirgecemasallari.com\/wp-content\/uploads\/2024\/10\/Yunus-ve-Sihirli-Hot-Wheels-Sehrinin-Gizemli-Macerasi-masal-oku-150x150.webp 150w, https:\/\/binbirgecemasallari.com\/wp-content\/uploads\/2024\/10\/Yunus-ve-Sihirli-Hot-Wheels-Sehrinin-Gizemli-Macerasi-masal-oku-768x768.webp 768w, https:\/\/binbirgecemasallari.com\/wp-content\/uploads\/2024\/10\/Yunus-ve-Sihirli-Hot-Wheels-Sehrinin-Gizemli-Macerasi-masal-oku-600x600.webp 600w\" \/>\t\t\t\t\t<\/div>\n\t\t\t\t\t<a class=\"wd-fill\" href=\"https:\/\/binbirgecemasallari.com\/masal-oku-yunus-ve-hotwheels-macerasi\/\"><\/a>\n\t\t\t\t\n\t\t\t\t\t\t\t\t\t\t\t\t<div class=\"wd-post-date wd-style-with-bg\">\n\t\t\t\t<span class=\"post-date-day\">\n\t\t\t\t\t04\t\t\t\t<\/span>\n\t\t\t\t<span class=\"post-date-month\">\n\t\t\t\t\tEki\t\t\t\t<\/span>\n\t\t\t<\/div>\n\t\t\t\t\t\t\t\t\t<\/div>\n\t\t\n\t\t<div class=\"wd-post-content article-body-container\">\n\t\t\t\n\t\t\t\t\t\t\t<h3 class=\"wd-post-title wd-entities-title title post-title\">\n\t\t\t\t\t<a href=\"https:\/\/binbirgecemasallari.com\/masal-oku-yunus-ve-hotwheels-macerasi\/\" rel=\"bookmark\">Yunus ve Sihirli Hot Wheels Maceras\u0131<\/a>\n\t\t\t\t<\/h3>\n\t\t\t\n\t\t\t\n\t\t\t\t\t\t\t\n\t\t\t\t\t\t\t\t\t<\/div>\n\t<\/div>\n<\/article>\n\n\t\t\t\t\t\t\t\t\t\t\t\n<article id=\"post-4716\" class=\"wd-post blog-design-masonry blog-post-loop blog-style-bg wd-add-shadow wd-col post-4716 post type-post status-publish format-standard has-post-thumbnail hentry category-isme-ozel-masallar category-2-yas-masallari category-3-yas-masallari category-4-yas-masallari category-bebek-masallari category-fantastik-masallar category-futbol-masallari category-uyku-masallari tag-cocuk-masallari tag-doga-masallari tag-fantastik-masallar tag-futbol-masallari tag-isme-ozel-masal tag-masal-dinle tag-masal-oku tag-uyku-masallari\">\n\t<div class=\"wd-post-inner article-inner\">\n\t\t\t\t\t<div class=\"wd-post-thumb entry-header\">\n\t\t\t\t\t\t\t\t\t<div class=\"wd-post-img post-img-wrapp\">\n\t\t\t\t\t\t<img width=\"1024\" height=\"1024\" src=\"https:\/\/binbirgecemasallari.com\/wp-content\/themes\/woodmart\/images\/lazy.svg\" class=\"attachment-large size-large\" alt=\"Mira\u00e7 ve \u00c7\u0131nar\u2019\u0131n Sihirli Kayd\u0131rak Maceras\u0131 masal oku\" decoding=\"async\" srcset=\"\" sizes=\"(max-width: 1024px) 100vw, 1024px\" data-src=\"https:\/\/binbirgecemasallari.com\/wp-content\/uploads\/2024\/10\/Mirac-ve-Cinarin-Sihirli-Kaydirak-Macerasi-masal-oku-1024x1024.png\" data-srcset=\"https:\/\/binbirgecemasallari.com\/wp-content\/uploads\/2024\/10\/Mirac-ve-Cinarin-Sihirli-Kaydirak-Macerasi-masal-oku-1024x1024.png 1024w, https:\/\/binbirgecemasallari.com\/wp-content\/uploads\/2024\/10\/Mirac-ve-Cinarin-Sihirli-Kaydirak-Macerasi-masal-oku-300x300.png 300w, https:\/\/binbirgecemasallari.com\/wp-content\/uploads\/2024\/10\/Mirac-ve-Cinarin-Sihirli-Kaydirak-Macerasi-masal-oku-150x150.png 150w, https:\/\/binbirgecemasallari.com\/wp-content\/uploads\/2024\/10\/Mirac-ve-Cinarin-Sihirli-Kaydirak-Macerasi-masal-oku-768x768.png 768w, https:\/\/binbirgecemasallari.com\/wp-content\/uploads\/2024\/10\/Mirac-ve-Cinarin-Sihirli-Kaydirak-Macerasi-masal-oku-600x600.png 600w, https:\/\/binbirgecemasallari.com\/wp-content\/uploads\/2024\/10\/Mirac-ve-Cinarin-Sihirli-Kaydirak-Macerasi-masal-oku.png 1080w\" \/>\t\t\t\t\t<\/div>\n\t\t\t\t\t<a class=\"wd-fill\" href=\"https:\/\/binbirgecemasallari.com\/masal-oku-ikizlerin-futbol-macerasi\/\"><\/a>\n\t\t\t\t\n\t\t\t\t\t\t\t\t\t\t\t\t<div class=\"wd-post-date wd-style-with-bg\">\n\t\t\t\t<span class=\"post-date-day\">\n\t\t\t\t\t03\t\t\t\t<\/span>\n\t\t\t\t<span class=\"post-date-month\">\n\t\t\t\t\tEki\t\t\t\t<\/span>\n\t\t\t<\/div>\n\t\t\t\t\t\t\t\t\t<\/div>\n\t\t\n\t\t<div class=\"wd-post-content article-body-container\">\n\t\t\t\n\t\t\t\t\t\t\t<h3 class=\"wd-post-title wd-entities-title title post-title\">\n\t\t\t\t\t<a href=\"https:\/\/binbirgecemasallari.com\/masal-oku-ikizlerin-futbol-macerasi\/\" rel=\"bookmark\">Mira\u00e7 ve \u00c7\u0131nar\u2019\u0131n Sihirli Kayd\u0131rak Maceras\u0131<\/a>\n\t\t\t\t<\/h3>\n\t\t\t\n\t\t\t\n\t\t\t\t\t\t\t\n\t\t\t\t\t\t\t\t\t<\/div>\n\t<\/div>\n<\/article>\n\n\t\t\t\t\t\n\t\t\t\t\t","status":"have-posts","nextPage":"https:\/\/binbirgecemasallari.com\/tum-masallar\/page\/5\/?woo_ajax=1","currentPage":"https:\/\/binbirgecemasallari.com\/tum-masallar\/page\/4"}