
			
				

					
				

			
		{"items":"\n\t\t\t\t\t\t\t\t\t\t\t\n<article id=\"post-4715\" class=\"wd-post blog-design-masonry blog-post-loop blog-style-bg wd-add-shadow wd-col post-4715 post type-post status-publish format-standard has-post-thumbnail hentry category-isme-ozel-masallar category-4-yas-masallari category-5-yas-masallari category-6-yas-masallari category-7-yas-masallari category-fantastik-masallar category-uyku-masallari tag-cocuk-masallari tag-dostluk-masali tag-fantastik-masallar tag-isme-ozel-masal tag-masal-dinle tag-masal-oku tag-uyku-masallari\">\n\t<div class=\"wd-post-inner article-inner\">\n\t\t\t\t\t<div class=\"wd-post-thumb entry-header\">\n\t\t\t\t\t\t\t\t\t<div class=\"wd-post-img post-img-wrapp\">\n\t\t\t\t\t\t<img width=\"1024\" height=\"1024\" src=\"https:\/\/binbirgecemasallari.com\/wp-content\/themes\/woodmart\/images\/lazy.svg\" class=\"attachment-large size-large\" alt=\"erem ve \u00c7a\u011fan\u2019\u0131n Numberblocks Maceras\u0131 masal ok\" decoding=\"async\" srcset=\"\" sizes=\"(max-width: 1024px) 100vw, 1024px\" data-src=\"https:\/\/binbirgecemasallari.com\/wp-content\/uploads\/2024\/10\/Kerem-ve-Caganin-Numberblocks-Macerasi-masal-oku-1.webp\" data-srcset=\"https:\/\/binbirgecemasallari.com\/wp-content\/uploads\/2024\/10\/Kerem-ve-Caganin-Numberblocks-Macerasi-masal-oku-1.webp 1024w, https:\/\/binbirgecemasallari.com\/wp-content\/uploads\/2024\/10\/Kerem-ve-Caganin-Numberblocks-Macerasi-masal-oku-1-300x300.webp 300w, https:\/\/binbirgecemasallari.com\/wp-content\/uploads\/2024\/10\/Kerem-ve-Caganin-Numberblocks-Macerasi-masal-oku-1-150x150.webp 150w, https:\/\/binbirgecemasallari.com\/wp-content\/uploads\/2024\/10\/Kerem-ve-Caganin-Numberblocks-Macerasi-masal-oku-1-768x768.webp 768w, https:\/\/binbirgecemasallari.com\/wp-content\/uploads\/2024\/10\/Kerem-ve-Caganin-Numberblocks-Macerasi-masal-oku-1-600x600.webp 600w\" \/>\t\t\t\t\t<\/div>\n\t\t\t\t\t<a class=\"wd-fill\" href=\"https:\/\/binbirgecemasallari.com\/masal-oku-numberblocks-macerasi\/\"><\/a>\n\t\t\t\t\n\t\t\t\t\t\t\t\t\t\t\t\t<link rel=\"stylesheet\" id=\"wd-post-types-mod-date-style-bg-css\" href=\"https:\/\/binbirgecemasallari.com\/wp-content\/themes\/woodmart\/css\/parts\/post-types-mod-date-style-bg.min.css?ver=8.2.7\" type=\"text\/css\" media=\"all\" \/> \t\t\t\t\t\t<div class=\"wd-post-date wd-style-with-bg\">\n\t\t\t\t<span class=\"post-date-day\">\n\t\t\t\t\t03\t\t\t\t<\/span>\n\t\t\t\t<span class=\"post-date-month\">\n\t\t\t\t\tEki\t\t\t\t<\/span>\n\t\t\t<\/div>\n\t\t\t\t\t\t\t\t\t<\/div>\n\t\t\n\t\t<div class=\"wd-post-content article-body-container\">\n\t\t\t\n\t\t\t\t\t\t\t<h3 class=\"wd-post-title wd-entities-title title post-title\">\n\t\t\t\t\t<a href=\"https:\/\/binbirgecemasallari.com\/masal-oku-numberblocks-macerasi\/\" rel=\"bookmark\">Kerem ve \u00c7a\u011fan\u2019\u0131n Numberblocks Maceras\u0131<\/a>\n\t\t\t\t<\/h3>\n\t\t\t\n\t\t\t\n\t\t\t\t\t\t\t\n\t\t\t\t\t\t\t\t\t<\/div>\n\t<\/div>\n<\/article>\n\n\t\t\t\t\t\t\t\t\t\t\t\n<article id=\"post-4703\" class=\"wd-post blog-design-masonry blog-post-loop blog-style-bg wd-add-shadow wd-col post-4703 post type-post status-publish format-standard has-post-thumbnail hentry category-isme-ozel-masallar category-10-yas-masallari-oku category-6-yas-masallari category-7-yas-masallari category-8-yas-masallari-oku category-9-yas-masallari-oku category-futbol-masallari category-uyku-masallari tag-cocuk-masallari tag-futbol-masallari tag-kardes-hikayesi tag-kardes-masali tag-masal-dinle tag-masal-oku\">\n\t<div class=\"wd-post-inner article-inner\">\n\t\t\t\t\t<div class=\"wd-post-thumb entry-header\">\n\t\t\t\t\t\t\t\t\t<div class=\"wd-post-img post-img-wrapp\">\n\t\t\t\t\t\t<img width=\"1024\" height=\"1024\" src=\"https:\/\/binbirgecemasallari.com\/wp-content\/themes\/woodmart\/images\/lazy.svg\" class=\"attachment-large size-large\" alt=\"Selim, Mustafa ve Ali&#039;nin Futbol Maceras\u0131 masal oku\" decoding=\"async\" srcset=\"\" sizes=\"(max-width: 1024px) 100vw, 1024px\" data-src=\"https:\/\/binbirgecemasallari.com\/wp-content\/uploads\/2024\/10\/Selim-Mustafa-ve-Alinin-Futbol-Macerasi-masal-oku-1024x1024.png\" data-srcset=\"https:\/\/binbirgecemasallari.com\/wp-content\/uploads\/2024\/10\/Selim-Mustafa-ve-Alinin-Futbol-Macerasi-masal-oku-1024x1024.png 1024w, https:\/\/binbirgecemasallari.com\/wp-content\/uploads\/2024\/10\/Selim-Mustafa-ve-Alinin-Futbol-Macerasi-masal-oku-300x300.png 300w, https:\/\/binbirgecemasallari.com\/wp-content\/uploads\/2024\/10\/Selim-Mustafa-ve-Alinin-Futbol-Macerasi-masal-oku-150x150.png 150w, https:\/\/binbirgecemasallari.com\/wp-content\/uploads\/2024\/10\/Selim-Mustafa-ve-Alinin-Futbol-Macerasi-masal-oku-768x768.png 768w, https:\/\/binbirgecemasallari.com\/wp-content\/uploads\/2024\/10\/Selim-Mustafa-ve-Alinin-Futbol-Macerasi-masal-oku-600x600.png 600w, https:\/\/binbirgecemasallari.com\/wp-content\/uploads\/2024\/10\/Selim-Mustafa-ve-Alinin-Futbol-Macerasi-masal-oku.png 1080w\" \/>\t\t\t\t\t<\/div>\n\t\t\t\t\t<a class=\"wd-fill\" href=\"https:\/\/binbirgecemasallari.com\/masal-oku-uc-kardesin-futbol-macerasi\/\"><\/a>\n\t\t\t\t\n\t\t\t\t\t\t\t\t\t\t\t\t<div class=\"wd-post-date wd-style-with-bg\">\n\t\t\t\t<span class=\"post-date-day\">\n\t\t\t\t\t02\t\t\t\t<\/span>\n\t\t\t\t<span class=\"post-date-month\">\n\t\t\t\t\tEki\t\t\t\t<\/span>\n\t\t\t<\/div>\n\t\t\t\t\t\t\t\t\t<\/div>\n\t\t\n\t\t<div class=\"wd-post-content article-body-container\">\n\t\t\t\n\t\t\t\t\t\t\t<h3 class=\"wd-post-title wd-entities-title title post-title\">\n\t\t\t\t\t<a href=\"https:\/\/binbirgecemasallari.com\/masal-oku-uc-kardesin-futbol-macerasi\/\" rel=\"bookmark\">Selim, Mustafa ve Ali&#8217;nin Futbol Maceras\u0131<\/a>\n\t\t\t\t<\/h3>\n\t\t\t\n\t\t\t\n\t\t\t\t\t\t\t\n\t\t\t\t\t\t\t\t\t<\/div>\n\t<\/div>\n<\/article>\n\n\t\t\t\t\t\t\t\t\t\t\t\n<article id=\"post-4689\" class=\"wd-post blog-design-masonry blog-post-loop blog-style-bg wd-add-shadow wd-col post-4689 post type-post status-publish format-standard has-post-thumbnail hentry category-isme-ozel-masallar category-2-yas-masallari category-3-yas-masallari category-4-yas-masallari category-5-yas-masallari category-fantastik-masallar category-uyku-masallari tag-cocuk-masallari tag-fantastik-masallar tag-isme-ozel-masal tag-masal-dinle tag-masal-oku tag-uyku-masallari\">\n\t<div class=\"wd-post-inner article-inner\">\n\t\t\t\t\t<div class=\"wd-post-thumb entry-header\">\n\t\t\t\t\t\t\t\t\t<div class=\"wd-post-img post-img-wrapp\">\n\t\t\t\t\t\t<img width=\"1024\" height=\"1024\" src=\"https:\/\/binbirgecemasallari.com\/wp-content\/themes\/woodmart\/images\/lazy.svg\" class=\"attachment-large size-large\" alt=\"Cesur Neva ve Sihirli \u0130yile\u015ftirici Yolculuk masal oku\" decoding=\"async\" srcset=\"\" sizes=\"(max-width: 1024px) 100vw, 1024px\" data-src=\"https:\/\/binbirgecemasallari.com\/wp-content\/uploads\/2024\/10\/Cesur-Neva-ve-Sihirli-Iyilestirici-Yolculuk-masal-oku.webp\" data-srcset=\"https:\/\/binbirgecemasallari.com\/wp-content\/uploads\/2024\/10\/Cesur-Neva-ve-Sihirli-Iyilestirici-Yolculuk-masal-oku.webp 1024w, https:\/\/binbirgecemasallari.com\/wp-content\/uploads\/2024\/10\/Cesur-Neva-ve-Sihirli-Iyilestirici-Yolculuk-masal-oku-300x300.webp 300w, https:\/\/binbirgecemasallari.com\/wp-content\/uploads\/2024\/10\/Cesur-Neva-ve-Sihirli-Iyilestirici-Yolculuk-masal-oku-150x150.webp 150w, https:\/\/binbirgecemasallari.com\/wp-content\/uploads\/2024\/10\/Cesur-Neva-ve-Sihirli-Iyilestirici-Yolculuk-masal-oku-768x768.webp 768w, https:\/\/binbirgecemasallari.com\/wp-content\/uploads\/2024\/10\/Cesur-Neva-ve-Sihirli-Iyilestirici-Yolculuk-masal-oku-600x600.webp 600w\" \/>\t\t\t\t\t<\/div>\n\t\t\t\t\t<a class=\"wd-fill\" href=\"https:\/\/binbirgecemasallari.com\/masal-oku-neva-ve-iyilestirici-yolculuk\/\"><\/a>\n\t\t\t\t\n\t\t\t\t\t\t\t\t\t\t\t\t<div class=\"wd-post-date wd-style-with-bg\">\n\t\t\t\t<span class=\"post-date-day\">\n\t\t\t\t\t02\t\t\t\t<\/span>\n\t\t\t\t<span class=\"post-date-month\">\n\t\t\t\t\tEki\t\t\t\t<\/span>\n\t\t\t<\/div>\n\t\t\t\t\t\t\t\t\t<\/div>\n\t\t\n\t\t<div class=\"wd-post-content article-body-container\">\n\t\t\t\n\t\t\t\t\t\t\t<h3 class=\"wd-post-title wd-entities-title title post-title\">\n\t\t\t\t\t<a href=\"https:\/\/binbirgecemasallari.com\/masal-oku-neva-ve-iyilestirici-yolculuk\/\" rel=\"bookmark\">Cesur Neva ve Sihirli \u0130yile\u015ftirici Yolculuk<\/a>\n\t\t\t\t<\/h3>\n\t\t\t\n\t\t\t\n\t\t\t\t\t\t\t\n\t\t\t\t\t\t\t\t\t<\/div>\n\t<\/div>\n<\/article>\n\n\t\t\t\t\t\t\t\t\t\t\t\n<article id=\"post-4680\" class=\"wd-post blog-design-masonry blog-post-loop blog-style-bg wd-add-shadow wd-col post-4680 post type-post status-publish format-standard has-post-thumbnail hentry category-isme-ozel-masallar category-10-yas-masallari-oku category-6-yas-masallari category-7-yas-masallari category-8-yas-masallari-oku category-9-yas-masallari-oku category-fantastik-masallar category-futbol-masallari category-uyku-masallari tag-cocuk-masallari tag-fantastik-masallar tag-futbol-masallari tag-isme-ozel-masal tag-masal-dinle tag-masal-oku tag-uyku-masallari\">\n\t<div class=\"wd-post-inner article-inner\">\n\t\t\t\t\t<div class=\"wd-post-thumb entry-header\">\n\t\t\t\t\t\t\t\t\t<div class=\"wd-post-img post-img-wrapp\">\n\t\t\t\t\t\t<img width=\"1024\" height=\"1024\" src=\"https:\/\/binbirgecemasallari.com\/wp-content\/themes\/woodmart\/images\/lazy.svg\" class=\"attachment-large size-large\" alt=\"Belis ve Sihirli Galatasaray Ma\u00e7\u0131 masal oku\" decoding=\"async\" srcset=\"\" sizes=\"(max-width: 1024px) 100vw, 1024px\" data-src=\"https:\/\/binbirgecemasallari.com\/wp-content\/uploads\/2024\/10\/Belis-ve-Sihirli-Galatasaray-Maci-masal-oku-1024x1024.png\" data-srcset=\"https:\/\/binbirgecemasallari.com\/wp-content\/uploads\/2024\/10\/Belis-ve-Sihirli-Galatasaray-Maci-masal-oku-1024x1024.png 1024w, https:\/\/binbirgecemasallari.com\/wp-content\/uploads\/2024\/10\/Belis-ve-Sihirli-Galatasaray-Maci-masal-oku-300x300.png 300w, https:\/\/binbirgecemasallari.com\/wp-content\/uploads\/2024\/10\/Belis-ve-Sihirli-Galatasaray-Maci-masal-oku-150x150.png 150w, https:\/\/binbirgecemasallari.com\/wp-content\/uploads\/2024\/10\/Belis-ve-Sihirli-Galatasaray-Maci-masal-oku-768x768.png 768w, https:\/\/binbirgecemasallari.com\/wp-content\/uploads\/2024\/10\/Belis-ve-Sihirli-Galatasaray-Maci-masal-oku-600x600.png 600w, https:\/\/binbirgecemasallari.com\/wp-content\/uploads\/2024\/10\/Belis-ve-Sihirli-Galatasaray-Maci-masal-oku.png 1080w\" \/>\t\t\t\t\t<\/div>\n\t\t\t\t\t<a class=\"wd-fill\" href=\"https:\/\/binbirgecemasallari.com\/masal-oku-belis-ve-galatasaray-maci\/\"><\/a>\n\t\t\t\t\n\t\t\t\t\t\t\t\t\t\t\t\t<div class=\"wd-post-date wd-style-with-bg\">\n\t\t\t\t<span class=\"post-date-day\">\n\t\t\t\t\t01\t\t\t\t<\/span>\n\t\t\t\t<span class=\"post-date-month\">\n\t\t\t\t\tEki\t\t\t\t<\/span>\n\t\t\t<\/div>\n\t\t\t\t\t\t\t\t\t<\/div>\n\t\t\n\t\t<div class=\"wd-post-content article-body-container\">\n\t\t\t\n\t\t\t\t\t\t\t<h3 class=\"wd-post-title wd-entities-title title post-title\">\n\t\t\t\t\t<a href=\"https:\/\/binbirgecemasallari.com\/masal-oku-belis-ve-galatasaray-maci\/\" rel=\"bookmark\">Belis ve Sihirli Galatasaray Ma\u00e7\u0131<\/a>\n\t\t\t\t<\/h3>\n\t\t\t\n\t\t\t\n\t\t\t\t\t\t\t\n\t\t\t\t\t\t\t\t\t<\/div>\n\t<\/div>\n<\/article>\n\n\t\t\t\t\t\t\t\t\t\t\t\n<article id=\"post-4670\" class=\"wd-post blog-design-masonry blog-post-loop blog-style-bg wd-add-shadow wd-col post-4670 post type-post status-publish format-standard has-post-thumbnail hentry category-isme-ozel-masallar category-2-yas-masallari category-3-yas-masallari category-4-yas-masallari category-5-yas-masallari category-bebek-masallari category-doga-ve-cevre-masallari category-fantastik-masallar category-hayvan-masallari category-uyku-masallari tag-cocuk-masallari tag-doga-masallari tag-fantastik-masallar tag-hayvan-masali tag-isme-ozel-masal tag-kardes-hikayesi tag-kardes-masali tag-masal-dinle tag-masal-oku tag-uyku-masallari\">\n\t<div class=\"wd-post-inner article-inner\">\n\t\t\t\t\t<div class=\"wd-post-thumb entry-header\">\n\t\t\t\t\t\t\t\t\t<div class=\"wd-post-img post-img-wrapp\">\n\t\t\t\t\t\t<img width=\"1024\" height=\"1024\" src=\"https:\/\/binbirgecemasallari.com\/wp-content\/themes\/woodmart\/images\/lazy.svg\" class=\"attachment-large size-large\" alt=\"Alp Ahmet ve Alin\u2019in B\u00fcy\u00fcl\u00fc Orman MacerasI masal oku\" decoding=\"async\" srcset=\"\" sizes=\"(max-width: 1024px) 100vw, 1024px\" data-src=\"https:\/\/binbirgecemasallari.com\/wp-content\/uploads\/2024\/10\/Alp-Ahmet-ve-Alinin-Buyulu-Orman-MacerasI-masal-oku.webp\" data-srcset=\"https:\/\/binbirgecemasallari.com\/wp-content\/uploads\/2024\/10\/Alp-Ahmet-ve-Alinin-Buyulu-Orman-MacerasI-masal-oku.webp 1024w, https:\/\/binbirgecemasallari.com\/wp-content\/uploads\/2024\/10\/Alp-Ahmet-ve-Alinin-Buyulu-Orman-MacerasI-masal-oku-300x300.webp 300w, https:\/\/binbirgecemasallari.com\/wp-content\/uploads\/2024\/10\/Alp-Ahmet-ve-Alinin-Buyulu-Orman-MacerasI-masal-oku-150x150.webp 150w, https:\/\/binbirgecemasallari.com\/wp-content\/uploads\/2024\/10\/Alp-Ahmet-ve-Alinin-Buyulu-Orman-MacerasI-masal-oku-768x768.webp 768w, https:\/\/binbirgecemasallari.com\/wp-content\/uploads\/2024\/10\/Alp-Ahmet-ve-Alinin-Buyulu-Orman-MacerasI-masal-oku-600x600.webp 600w\" \/>\t\t\t\t\t<\/div>\n\t\t\t\t\t<a class=\"wd-fill\" href=\"https:\/\/binbirgecemasallari.com\/masal-oku-alp-ve-alinin-orman-macerasi\/\"><\/a>\n\t\t\t\t\n\t\t\t\t\t\t\t\t\t\t\t\t<div class=\"wd-post-date wd-style-with-bg\">\n\t\t\t\t<span class=\"post-date-day\">\n\t\t\t\t\t01\t\t\t\t<\/span>\n\t\t\t\t<span class=\"post-date-month\">\n\t\t\t\t\tEki\t\t\t\t<\/span>\n\t\t\t<\/div>\n\t\t\t\t\t\t\t\t\t<\/div>\n\t\t\n\t\t<div class=\"wd-post-content article-body-container\">\n\t\t\t\n\t\t\t\t\t\t\t<h3 class=\"wd-post-title wd-entities-title title post-title\">\n\t\t\t\t\t<a href=\"https:\/\/binbirgecemasallari.com\/masal-oku-alp-ve-alinin-orman-macerasi\/\" rel=\"bookmark\">Alp Ahmet ve Alin\u2019in B\u00fcy\u00fcl\u00fc Orman Maceras\u0131<\/a>\n\t\t\t\t<\/h3>\n\t\t\t\n\t\t\t\n\t\t\t\t\t\t\t\n\t\t\t\t\t\t\t\t\t<\/div>\n\t<\/div>\n<\/article>\n\n\t\t\t\t\t\t\t\t\t\t\t\n<article id=\"post-4662\" class=\"wd-post blog-design-masonry blog-post-loop blog-style-bg wd-add-shadow wd-col post-4662 post type-post status-publish format-standard has-post-thumbnail hentry category-isme-ozel-masallar category-5-yas-masallari category-6-yas-masallari category-7-yas-masallari category-8-yas-masallari-oku category-9-yas-masallari-oku category-fantastik-masallar category-uyku-masallari tag-cocuk-masallari tag-fantastik-masallar tag-isme-ozel-masal tag-kardes-hikayesi tag-kardes-masali tag-masal-dinle tag-masal-oku tag-uyku-masallari\">\n\t<div class=\"wd-post-inner article-inner\">\n\t\t\t\t\t<div class=\"wd-post-thumb entry-header\">\n\t\t\t\t\t\t\t\t\t<div class=\"wd-post-img post-img-wrapp\">\n\t\t\t\t\t\t<img width=\"1024\" height=\"1024\" src=\"https:\/\/binbirgecemasallari.com\/wp-content\/themes\/woodmart\/images\/lazy.svg\" class=\"attachment-large size-large\" alt=\"Duru ve Al\u00e2&#039;n\u0131n Sihirli Dans\u0131 masal oku\" decoding=\"async\" srcset=\"\" sizes=\"(max-width: 1024px) 100vw, 1024px\" data-src=\"https:\/\/binbirgecemasallari.com\/wp-content\/uploads\/2024\/09\/Duru-ve-Alanin-Sihirli-Dansi-masal-oku.webp\" data-srcset=\"https:\/\/binbirgecemasallari.com\/wp-content\/uploads\/2024\/09\/Duru-ve-Alanin-Sihirli-Dansi-masal-oku.webp 1024w, https:\/\/binbirgecemasallari.com\/wp-content\/uploads\/2024\/09\/Duru-ve-Alanin-Sihirli-Dansi-masal-oku-300x300.webp 300w, https:\/\/binbirgecemasallari.com\/wp-content\/uploads\/2024\/09\/Duru-ve-Alanin-Sihirli-Dansi-masal-oku-150x150.webp 150w, https:\/\/binbirgecemasallari.com\/wp-content\/uploads\/2024\/09\/Duru-ve-Alanin-Sihirli-Dansi-masal-oku-768x768.webp 768w, https:\/\/binbirgecemasallari.com\/wp-content\/uploads\/2024\/09\/Duru-ve-Alanin-Sihirli-Dansi-masal-oku-600x600.webp 600w\" \/>\t\t\t\t\t<\/div>\n\t\t\t\t\t<a class=\"wd-fill\" href=\"https:\/\/binbirgecemasallari.com\/masal-oku-duru-ve-alanin-sihirli-dansi\/\"><\/a>\n\t\t\t\t\n\t\t\t\t\t\t\t\t\t\t\t\t<div class=\"wd-post-date wd-style-with-bg\">\n\t\t\t\t<span class=\"post-date-day\">\n\t\t\t\t\t30\t\t\t\t<\/span>\n\t\t\t\t<span class=\"post-date-month\">\n\t\t\t\t\tEyl\t\t\t\t<\/span>\n\t\t\t<\/div>\n\t\t\t\t\t\t\t\t\t<\/div>\n\t\t\n\t\t<div class=\"wd-post-content article-body-container\">\n\t\t\t\n\t\t\t\t\t\t\t<h3 class=\"wd-post-title wd-entities-title title post-title\">\n\t\t\t\t\t<a href=\"https:\/\/binbirgecemasallari.com\/masal-oku-duru-ve-alanin-sihirli-dansi\/\" rel=\"bookmark\">Duru ve Al\u00e2&#8217;n\u0131n Sihirli Dans\u0131<\/a>\n\t\t\t\t<\/h3>\n\t\t\t\n\t\t\t\n\t\t\t\t\t\t\t\n\t\t\t\t\t\t\t\t\t<\/div>\n\t<\/div>\n<\/article>\n\n\t\t\t\t\t\t\t\t\t\t\t\n<article id=\"post-4655\" class=\"wd-post blog-design-masonry blog-post-loop blog-style-bg wd-add-shadow wd-col post-4655 post type-post status-publish format-standard has-post-thumbnail hentry category-isme-ozel-masallar category-2-yas-masallari category-3-yas-masallari category-4-yas-masallari category-5-yas-masallari category-fantastik-masallar category-uyku-masallari tag-cocuk-masallari tag-fantastik-masallar tag-isme-ozel-masal tag-kardes-hikayesi tag-kardes-masali tag-masal-dinle tag-masal-oku tag-uyku-masallari\">\n\t<div class=\"wd-post-inner article-inner\">\n\t\t\t\t\t<div class=\"wd-post-thumb entry-header\">\n\t\t\t\t\t\t\t\t\t<div class=\"wd-post-img post-img-wrapp\">\n\t\t\t\t\t\t<img width=\"1024\" height=\"1024\" src=\"https:\/\/binbirgecemasallari.com\/wp-content\/themes\/woodmart\/images\/lazy.svg\" class=\"attachment-large size-large\" alt=\"Masal ve Asil\u2019in Bulutlar\u0131n \u00dcst\u00fcndeki Maceras\u0131 masal oku\" decoding=\"async\" srcset=\"\" sizes=\"(max-width: 1024px) 100vw, 1024px\" data-src=\"https:\/\/binbirgecemasallari.com\/wp-content\/uploads\/2024\/09\/Masal-ve-Asilin-Bulutlarin-Ustundeki-Macerasi-masal-oku.webp\" data-srcset=\"https:\/\/binbirgecemasallari.com\/wp-content\/uploads\/2024\/09\/Masal-ve-Asilin-Bulutlarin-Ustundeki-Macerasi-masal-oku.webp 1024w, https:\/\/binbirgecemasallari.com\/wp-content\/uploads\/2024\/09\/Masal-ve-Asilin-Bulutlarin-Ustundeki-Macerasi-masal-oku-300x300.webp 300w, https:\/\/binbirgecemasallari.com\/wp-content\/uploads\/2024\/09\/Masal-ve-Asilin-Bulutlarin-Ustundeki-Macerasi-masal-oku-150x150.webp 150w, https:\/\/binbirgecemasallari.com\/wp-content\/uploads\/2024\/09\/Masal-ve-Asilin-Bulutlarin-Ustundeki-Macerasi-masal-oku-768x768.webp 768w, https:\/\/binbirgecemasallari.com\/wp-content\/uploads\/2024\/09\/Masal-ve-Asilin-Bulutlarin-Ustundeki-Macerasi-masal-oku-600x600.webp 600w\" \/>\t\t\t\t\t<\/div>\n\t\t\t\t\t<a class=\"wd-fill\" href=\"https:\/\/binbirgecemasallari.com\/masal-oku-masal-ve-asilin-sato-macerasi\/\"><\/a>\n\t\t\t\t\n\t\t\t\t\t\t\t\t\t\t\t\t<div class=\"wd-post-date wd-style-with-bg\">\n\t\t\t\t<span class=\"post-date-day\">\n\t\t\t\t\t30\t\t\t\t<\/span>\n\t\t\t\t<span class=\"post-date-month\">\n\t\t\t\t\tEyl\t\t\t\t<\/span>\n\t\t\t<\/div>\n\t\t\t\t\t\t\t\t\t<\/div>\n\t\t\n\t\t<div class=\"wd-post-content article-body-container\">\n\t\t\t\n\t\t\t\t\t\t\t<h3 class=\"wd-post-title wd-entities-title title post-title\">\n\t\t\t\t\t<a href=\"https:\/\/binbirgecemasallari.com\/masal-oku-masal-ve-asilin-sato-macerasi\/\" rel=\"bookmark\">Masal ve Asil\u2019in Bulutlar\u0131n \u00dcst\u00fcndeki Maceras\u0131<\/a>\n\t\t\t\t<\/h3>\n\t\t\t\n\t\t\t\n\t\t\t\t\t\t\t\n\t\t\t\t\t\t\t\t\t<\/div>\n\t<\/div>\n<\/article>\n\n\t\t\t\t\t\t\t\t\t\t\t\n<article id=\"post-4648\" class=\"wd-post blog-design-masonry blog-post-loop blog-style-bg wd-add-shadow wd-col post-4648 post type-post status-publish format-standard has-post-thumbnail hentry category-isme-ozel-masallar category-2-yas-masallari category-3-yas-masallari category-4-yas-masallari category-bebek-masallari category-fantastik-masallar category-uyku-masallari tag-cocuk-masallari tag-fantastik-masallar tag-isme-ozel-masal tag-masal-dinle tag-masal-oku tag-uyku-masallari\">\n\t<div class=\"wd-post-inner article-inner\">\n\t\t\t\t\t<div class=\"wd-post-thumb entry-header\">\n\t\t\t\t\t\t\t\t\t<div class=\"wd-post-img post-img-wrapp\">\n\t\t\t\t\t\t<img width=\"1024\" height=\"1024\" src=\"https:\/\/binbirgecemasallari.com\/wp-content\/themes\/woodmart\/images\/lazy.svg\" class=\"attachment-large size-large\" alt=\"Mihra ve \u0130yilik Perisi Loya\u2019n\u0131n Mucizevi Yolculu\u011fu masal oku\" decoding=\"async\" srcset=\"\" sizes=\"(max-width: 1024px) 100vw, 1024px\" data-src=\"https:\/\/binbirgecemasallari.com\/wp-content\/uploads\/2024\/09\/Mihra-ve-Iyilik-Perisi-Loyanin-Mucizevi-Yolculugu-masal-oku.webp\" data-srcset=\"https:\/\/binbirgecemasallari.com\/wp-content\/uploads\/2024\/09\/Mihra-ve-Iyilik-Perisi-Loyanin-Mucizevi-Yolculugu-masal-oku.webp 1024w, https:\/\/binbirgecemasallari.com\/wp-content\/uploads\/2024\/09\/Mihra-ve-Iyilik-Perisi-Loyanin-Mucizevi-Yolculugu-masal-oku-300x300.webp 300w, https:\/\/binbirgecemasallari.com\/wp-content\/uploads\/2024\/09\/Mihra-ve-Iyilik-Perisi-Loyanin-Mucizevi-Yolculugu-masal-oku-150x150.webp 150w, https:\/\/binbirgecemasallari.com\/wp-content\/uploads\/2024\/09\/Mihra-ve-Iyilik-Perisi-Loyanin-Mucizevi-Yolculugu-masal-oku-768x768.webp 768w, https:\/\/binbirgecemasallari.com\/wp-content\/uploads\/2024\/09\/Mihra-ve-Iyilik-Perisi-Loyanin-Mucizevi-Yolculugu-masal-oku-600x600.webp 600w\" \/>\t\t\t\t\t<\/div>\n\t\t\t\t\t<a class=\"wd-fill\" href=\"https:\/\/binbirgecemasallari.com\/masal-oku-mihra-ve-iyilik-perisi-loya\/\"><\/a>\n\t\t\t\t\n\t\t\t\t\t\t\t\t\t\t\t\t<div class=\"wd-post-date wd-style-with-bg\">\n\t\t\t\t<span class=\"post-date-day\">\n\t\t\t\t\t30\t\t\t\t<\/span>\n\t\t\t\t<span class=\"post-date-month\">\n\t\t\t\t\tEyl\t\t\t\t<\/span>\n\t\t\t<\/div>\n\t\t\t\t\t\t\t\t\t<\/div>\n\t\t\n\t\t<div class=\"wd-post-content article-body-container\">\n\t\t\t\n\t\t\t\t\t\t\t<h3 class=\"wd-post-title wd-entities-title title post-title\">\n\t\t\t\t\t<a href=\"https:\/\/binbirgecemasallari.com\/masal-oku-mihra-ve-iyilik-perisi-loya\/\" rel=\"bookmark\">Mihra ve \u0130yilik Perisi Loya\u2019n\u0131n Mucizevi Yolculu\u011fu<\/a>\n\t\t\t\t<\/h3>\n\t\t\t\n\t\t\t\n\t\t\t\t\t\t\t\n\t\t\t\t\t\t\t\t\t<\/div>\n\t<\/div>\n<\/article>\n\n\t\t\t\t\t\t\t\t\t\t\t\n<article id=\"post-4640\" class=\"wd-post blog-design-masonry blog-post-loop blog-style-bg wd-add-shadow wd-col post-4640 post type-post status-publish format-standard has-post-thumbnail hentry category-isme-ozel-masallar category-2-yas-masallari category-3-yas-masallari category-4-yas-masallari category-bebek-masallari category-fantastik-masallar category-klasik-masallar category-uyku-masallari tag-cocuk-masallari tag-fantastik-masallar tag-isme-ozel-masal tag-masal-dinle tag-masal-oku tag-uyku-masallari\">\n\t<div class=\"wd-post-inner article-inner\">\n\t\t\t\t\t<div class=\"wd-post-thumb entry-header\">\n\t\t\t\t\t\t\t\t\t<div class=\"wd-post-img post-img-wrapp\">\n\t\t\t\t\t\t<img width=\"1024\" height=\"1024\" src=\"https:\/\/binbirgecemasallari.com\/wp-content\/themes\/woodmart\/images\/lazy.svg\" class=\"attachment-large size-large\" alt=\"Alya Peri ve Uyku Perisi Tina\u2019n\u0131n Sihir Dolu Gecesi masal oku\" decoding=\"async\" srcset=\"\" sizes=\"(max-width: 1024px) 100vw, 1024px\" data-src=\"https:\/\/binbirgecemasallari.com\/wp-content\/uploads\/2024\/09\/Alya-Peri-ve-Uyku-Perisi-Tinanin-Sihir-Dolu-Gecesi-masal-oku.webp\" data-srcset=\"https:\/\/binbirgecemasallari.com\/wp-content\/uploads\/2024\/09\/Alya-Peri-ve-Uyku-Perisi-Tinanin-Sihir-Dolu-Gecesi-masal-oku.webp 1024w, https:\/\/binbirgecemasallari.com\/wp-content\/uploads\/2024\/09\/Alya-Peri-ve-Uyku-Perisi-Tinanin-Sihir-Dolu-Gecesi-masal-oku-300x300.webp 300w, https:\/\/binbirgecemasallari.com\/wp-content\/uploads\/2024\/09\/Alya-Peri-ve-Uyku-Perisi-Tinanin-Sihir-Dolu-Gecesi-masal-oku-150x150.webp 150w, https:\/\/binbirgecemasallari.com\/wp-content\/uploads\/2024\/09\/Alya-Peri-ve-Uyku-Perisi-Tinanin-Sihir-Dolu-Gecesi-masal-oku-768x768.webp 768w, https:\/\/binbirgecemasallari.com\/wp-content\/uploads\/2024\/09\/Alya-Peri-ve-Uyku-Perisi-Tinanin-Sihir-Dolu-Gecesi-masal-oku-600x600.webp 600w\" \/>\t\t\t\t\t<\/div>\n\t\t\t\t\t<a class=\"wd-fill\" href=\"https:\/\/binbirgecemasallari.com\/masal-oku-alya-peri-ve-uyku-perisi-tina\/\"><\/a>\n\t\t\t\t\n\t\t\t\t\t\t\t\t\t\t\t\t<div class=\"wd-post-date wd-style-with-bg\">\n\t\t\t\t<span class=\"post-date-day\">\n\t\t\t\t\t29\t\t\t\t<\/span>\n\t\t\t\t<span class=\"post-date-month\">\n\t\t\t\t\tEyl\t\t\t\t<\/span>\n\t\t\t<\/div>\n\t\t\t\t\t\t\t\t\t<\/div>\n\t\t\n\t\t<div class=\"wd-post-content article-body-container\">\n\t\t\t\n\t\t\t\t\t\t\t<h3 class=\"wd-post-title wd-entities-title title post-title\">\n\t\t\t\t\t<a href=\"https:\/\/binbirgecemasallari.com\/masal-oku-alya-peri-ve-uyku-perisi-tina\/\" rel=\"bookmark\">Alya Peri ve Uyku Perisi Tina\u2019n\u0131n Sihir Dolu Gecesi<\/a>\n\t\t\t\t<\/h3>\n\t\t\t\n\t\t\t\n\t\t\t\t\t\t\t\n\t\t\t\t\t\t\t\t\t<\/div>\n\t<\/div>\n<\/article>\n\n\t\t\t\t\t\t\t\t\t\t\t\n<article id=\"post-4635\" class=\"wd-post blog-design-masonry blog-post-loop blog-style-bg wd-add-shadow wd-col post-4635 post type-post status-publish format-standard has-post-thumbnail hentry category-isme-ozel-masallar category-2-yas-masallari category-3-yas-masallari category-4-yas-masallari category-bebek-masallari category-doga-ve-cevre-masallari category-egitici-masallar category-fantastik-masallar category-uyku-masallari tag-cocuk-masallari tag-doga-masallari tag-fantastik-masallar tag-isme-ozel-masal tag-kardes-hikayesi tag-kardes-masali tag-masal-dinle tag-masal-oku tag-uyku-masallari\">\n\t<div class=\"wd-post-inner article-inner\">\n\t\t\t\t\t<div class=\"wd-post-thumb entry-header\">\n\t\t\t\t\t\t\t\t\t<div class=\"wd-post-img post-img-wrapp\">\n\t\t\t\t\t\t<img width=\"1024\" height=\"1024\" src=\"https:\/\/binbirgecemasallari.com\/wp-content\/themes\/woodmart\/images\/lazy.svg\" class=\"attachment-large size-large\" alt=\"\u00d6merhan ve Miray&#039;\u0131n Sihirli U\u00e7an Araba Maceras\u0131 masal oku\" decoding=\"async\" srcset=\"\" sizes=\"(max-width: 1024px) 100vw, 1024px\" data-src=\"https:\/\/binbirgecemasallari.com\/wp-content\/uploads\/2024\/09\/Omerhan-ve-Mirayin-Sihirli-Ucan-Araba-Macerasi-masal-oku.webp\" data-srcset=\"https:\/\/binbirgecemasallari.com\/wp-content\/uploads\/2024\/09\/Omerhan-ve-Mirayin-Sihirli-Ucan-Araba-Macerasi-masal-oku.webp 1024w, https:\/\/binbirgecemasallari.com\/wp-content\/uploads\/2024\/09\/Omerhan-ve-Mirayin-Sihirli-Ucan-Araba-Macerasi-masal-oku-300x300.webp 300w, https:\/\/binbirgecemasallari.com\/wp-content\/uploads\/2024\/09\/Omerhan-ve-Mirayin-Sihirli-Ucan-Araba-Macerasi-masal-oku-150x150.webp 150w, https:\/\/binbirgecemasallari.com\/wp-content\/uploads\/2024\/09\/Omerhan-ve-Mirayin-Sihirli-Ucan-Araba-Macerasi-masal-oku-768x768.webp 768w, https:\/\/binbirgecemasallari.com\/wp-content\/uploads\/2024\/09\/Omerhan-ve-Mirayin-Sihirli-Ucan-Araba-Macerasi-masal-oku-600x600.webp 600w\" \/>\t\t\t\t\t<\/div>\n\t\t\t\t\t<a class=\"wd-fill\" href=\"https:\/\/binbirgecemasallari.com\/masal-oku-omerhan-ve-mirayin-ucan-arabasi\/\"><\/a>\n\t\t\t\t\n\t\t\t\t\t\t\t\t\t\t\t\t<div class=\"wd-post-date wd-style-with-bg\">\n\t\t\t\t<span class=\"post-date-day\">\n\t\t\t\t\t28\t\t\t\t<\/span>\n\t\t\t\t<span class=\"post-date-month\">\n\t\t\t\t\tEyl\t\t\t\t<\/span>\n\t\t\t<\/div>\n\t\t\t\t\t\t\t\t\t<\/div>\n\t\t\n\t\t<div class=\"wd-post-content article-body-container\">\n\t\t\t\n\t\t\t\t\t\t\t<h3 class=\"wd-post-title wd-entities-title title post-title\">\n\t\t\t\t\t<a href=\"https:\/\/binbirgecemasallari.com\/masal-oku-omerhan-ve-mirayin-ucan-arabasi\/\" rel=\"bookmark\">\u00d6merhan ve Miray&#8217;\u0131n Sihirli U\u00e7an Araba Maceras\u0131<\/a>\n\t\t\t\t<\/h3>\n\t\t\t\n\t\t\t\n\t\t\t\t\t\t\t\n\t\t\t\t\t\t\t\t\t<\/div>\n\t<\/div>\n<\/article>\n\n\t\t\t\t\t\n\t\t\t\t\t","status":"have-posts","nextPage":"https:\/\/binbirgecemasallari.com\/tum-masallar\/page\/6\/?woo_ajax=1","currentPage":"https:\/\/binbirgecemasallari.com\/tum-masallar\/page\/5"}