
			
				

					
				

			
		{"items":"\n\t\t\t\t\t\t\t\t\t\t\t\n<article id=\"post-4282\" class=\"wd-post blog-design-masonry blog-post-loop blog-style-bg wd-add-shadow wd-col post-4282 post type-post status-publish format-standard has-post-thumbnail hentry category-isme-ozel-masallar category-4-yas-masallari category-5-yas-masallari category-6-yas-masallari category-7-yas-masallari category-8-yas-masallari-oku category-elsa-ve-anna-masallari category-fantastik-masallar category-uyku-masallari tag-cocuk-masallari tag-elsa-masali tag-fantastik-masallar tag-isme-ozel-masal tag-kardes-hikayesi tag-masal-dinle tag-masal-oku tag-uyku-masallari\">\n\t<div class=\"wd-post-inner article-inner\">\n\t\t\t\t\t<div class=\"wd-post-thumb entry-header\">\n\t\t\t\t\t\t\t\t\t<div class=\"wd-post-img post-img-wrapp\">\n\t\t\t\t\t\t<img width=\"1024\" height=\"1024\" src=\"https:\/\/binbirgecemasallari.com\/wp-content\/themes\/woodmart\/images\/lazy.svg\" class=\"attachment-large size-large\" alt=\"Erva ve Eslem\u2019in Buz Krall\u0131\u011f\u0131 Maceras\u0131 masal oku\" decoding=\"async\" srcset=\"\" sizes=\"(max-width: 1024px) 100vw, 1024px\" data-src=\"https:\/\/binbirgecemasallari.com\/wp-content\/uploads\/2024\/09\/Erva-ve-Eslemin-Buz-Kralligi-Macerasi-masal-oku.webp\" data-srcset=\"https:\/\/binbirgecemasallari.com\/wp-content\/uploads\/2024\/09\/Erva-ve-Eslemin-Buz-Kralligi-Macerasi-masal-oku.webp 1024w, https:\/\/binbirgecemasallari.com\/wp-content\/uploads\/2024\/09\/Erva-ve-Eslemin-Buz-Kralligi-Macerasi-masal-oku-300x300.webp 300w, https:\/\/binbirgecemasallari.com\/wp-content\/uploads\/2024\/09\/Erva-ve-Eslemin-Buz-Kralligi-Macerasi-masal-oku-150x150.webp 150w, https:\/\/binbirgecemasallari.com\/wp-content\/uploads\/2024\/09\/Erva-ve-Eslemin-Buz-Kralligi-Macerasi-masal-oku-768x768.webp 768w, https:\/\/binbirgecemasallari.com\/wp-content\/uploads\/2024\/09\/Erva-ve-Eslemin-Buz-Kralligi-Macerasi-masal-oku-600x600.webp 600w\" \/>\t\t\t\t\t<\/div>\n\t\t\t\t\t<a class=\"wd-fill\" href=\"https:\/\/binbirgecemasallari.com\/masal-oku-elsa-ve-buz-kralligi-macerasi\/\"><\/a>\n\t\t\t\t\n\t\t\t\t\t\t\t\t\t\t\t\t<link rel=\"stylesheet\" id=\"wd-post-types-mod-date-style-bg-css\" href=\"https:\/\/binbirgecemasallari.com\/wp-content\/themes\/woodmart\/css\/parts\/post-types-mod-date-style-bg.min.css?ver=8.2.7\" type=\"text\/css\" media=\"all\" \/> \t\t\t\t\t\t<div class=\"wd-post-date wd-style-with-bg\">\n\t\t\t\t<span class=\"post-date-day\">\n\t\t\t\t\t20\t\t\t\t<\/span>\n\t\t\t\t<span class=\"post-date-month\">\n\t\t\t\t\tEyl\t\t\t\t<\/span>\n\t\t\t<\/div>\n\t\t\t\t\t\t\t\t\t<\/div>\n\t\t\n\t\t<div class=\"wd-post-content article-body-container\">\n\t\t\t\n\t\t\t\t\t\t\t<h3 class=\"wd-post-title wd-entities-title title post-title\">\n\t\t\t\t\t<a href=\"https:\/\/binbirgecemasallari.com\/masal-oku-elsa-ve-buz-kralligi-macerasi\/\" rel=\"bookmark\">Erva ve Eslem\u2019in Buz Krall\u0131\u011f\u0131 Maceras\u0131<\/a>\n\t\t\t\t<\/h3>\n\t\t\t\n\t\t\t\n\t\t\t\t\t\t\t\n\t\t\t\t\t\t\t\t\t<\/div>\n\t<\/div>\n<\/article>\n\n\t\t\t\t\t\t\t\t\t\t\t\n<article id=\"post-4281\" class=\"wd-post blog-design-masonry blog-post-loop blog-style-bg wd-add-shadow wd-col post-4281 post type-post status-publish format-standard has-post-thumbnail hentry category-isme-ozel-masallar category-2-yas-masallari category-3-yas-masallari category-4-yas-masallari category-5-yas-masallari category-fantastik-masallar category-hayvan-masallari category-uyku-masallari tag-cocuk-masallari tag-fantastik-masallar tag-hayvan-masali tag-isme-ozel-masal tag-masal-dinle tag-masal-oku tag-uyku-masallari\">\n\t<div class=\"wd-post-inner article-inner\">\n\t\t\t\t\t<div class=\"wd-post-thumb entry-header\">\n\t\t\t\t\t\t\t\t\t<div class=\"wd-post-img post-img-wrapp\">\n\t\t\t\t\t\t<img width=\"1024\" height=\"1024\" src=\"https:\/\/binbirgecemasallari.com\/wp-content\/themes\/woodmart\/images\/lazy.svg\" class=\"attachment-large size-large\" alt=\"Zeynep Ela ve Pembe Dinozorun S\u00fcrprizi masal oku\" decoding=\"async\" srcset=\"\" sizes=\"(max-width: 1024px) 100vw, 1024px\" data-src=\"https:\/\/binbirgecemasallari.com\/wp-content\/uploads\/2024\/09\/Zeynep-Ela-ve-Pembe-Dinozorun-Surprizi-masal-oku.webp\" data-srcset=\"https:\/\/binbirgecemasallari.com\/wp-content\/uploads\/2024\/09\/Zeynep-Ela-ve-Pembe-Dinozorun-Surprizi-masal-oku.webp 1024w, https:\/\/binbirgecemasallari.com\/wp-content\/uploads\/2024\/09\/Zeynep-Ela-ve-Pembe-Dinozorun-Surprizi-masal-oku-300x300.webp 300w, https:\/\/binbirgecemasallari.com\/wp-content\/uploads\/2024\/09\/Zeynep-Ela-ve-Pembe-Dinozorun-Surprizi-masal-oku-150x150.webp 150w, https:\/\/binbirgecemasallari.com\/wp-content\/uploads\/2024\/09\/Zeynep-Ela-ve-Pembe-Dinozorun-Surprizi-masal-oku-768x768.webp 768w, https:\/\/binbirgecemasallari.com\/wp-content\/uploads\/2024\/09\/Zeynep-Ela-ve-Pembe-Dinozorun-Surprizi-masal-oku-600x600.webp 600w\" \/>\t\t\t\t\t<\/div>\n\t\t\t\t\t<a class=\"wd-fill\" href=\"https:\/\/binbirgecemasallari.com\/masal-oku-ela-ve-pembe-dinozorun-surprizi\/\"><\/a>\n\t\t\t\t\n\t\t\t\t\t\t\t\t\t\t\t\t<div class=\"wd-post-date wd-style-with-bg\">\n\t\t\t\t<span class=\"post-date-day\">\n\t\t\t\t\t20\t\t\t\t<\/span>\n\t\t\t\t<span class=\"post-date-month\">\n\t\t\t\t\tEyl\t\t\t\t<\/span>\n\t\t\t<\/div>\n\t\t\t\t\t\t\t\t\t<\/div>\n\t\t\n\t\t<div class=\"wd-post-content article-body-container\">\n\t\t\t\n\t\t\t\t\t\t\t<h3 class=\"wd-post-title wd-entities-title title post-title\">\n\t\t\t\t\t<a href=\"https:\/\/binbirgecemasallari.com\/masal-oku-ela-ve-pembe-dinozorun-surprizi\/\" rel=\"bookmark\">Zeynep Ela ve Pembe Dinozorun S\u00fcrprizi<\/a>\n\t\t\t\t<\/h3>\n\t\t\t\n\t\t\t\n\t\t\t\t\t\t\t\n\t\t\t\t\t\t\t\t\t<\/div>\n\t<\/div>\n<\/article>\n\n\t\t\t\t\t\t\t\t\t\t\t\n<article id=\"post-4280\" class=\"wd-post blog-design-masonry blog-post-loop blog-style-bg wd-add-shadow wd-col post-4280 post type-post status-publish format-standard has-post-thumbnail hentry category-isme-ozel-masallar category-4-yas-masallari category-5-yas-masallari category-6-yas-masallari category-7-yas-masallari category-8-yas-masallari-oku category-fantastik-masallar category-hayvan-masallari category-macera-hikayeleri tag-cocuk-masallari tag-fantastik-masallar tag-hayvan-masali tag-isme-ozel-masal tag-masal-dinle tag-masal-oku tag-uyku-masallari\">\n\t<div class=\"wd-post-inner article-inner\">\n\t\t\t\t\t<div class=\"wd-post-thumb entry-header\">\n\t\t\t\t\t\t\t\t\t<div class=\"wd-post-img post-img-wrapp\">\n\t\t\t\t\t\t<img width=\"1024\" height=\"1024\" src=\"https:\/\/binbirgecemasallari.com\/wp-content\/themes\/woodmart\/images\/lazy.svg\" class=\"attachment-large size-large\" alt=\"s\u00fcper kahraman masal\u0131 oku,dinle\" decoding=\"async\" srcset=\"\" sizes=\"(max-width: 1024px) 100vw, 1024px\" data-src=\"https:\/\/binbirgecemasallari.com\/wp-content\/uploads\/2024\/09\/super-kahraman-masali-okudinle-1024x1024.png\" data-srcset=\"https:\/\/binbirgecemasallari.com\/wp-content\/uploads\/2024\/09\/super-kahraman-masali-okudinle-1024x1024.png 1024w, https:\/\/binbirgecemasallari.com\/wp-content\/uploads\/2024\/09\/super-kahraman-masali-okudinle-300x300.png 300w, https:\/\/binbirgecemasallari.com\/wp-content\/uploads\/2024\/09\/super-kahraman-masali-okudinle-150x150.png 150w, https:\/\/binbirgecemasallari.com\/wp-content\/uploads\/2024\/09\/super-kahraman-masali-okudinle-768x768.png 768w, https:\/\/binbirgecemasallari.com\/wp-content\/uploads\/2024\/09\/super-kahraman-masali-okudinle-600x600.png 600w, https:\/\/binbirgecemasallari.com\/wp-content\/uploads\/2024\/09\/super-kahraman-masali-okudinle.png 1080w\" \/>\t\t\t\t\t<\/div>\n\t\t\t\t\t<a class=\"wd-fill\" href=\"https:\/\/binbirgecemasallari.com\/masal-oku-super-kahramanlar-ve-dinozorlar\/\"><\/a>\n\t\t\t\t\n\t\t\t\t\t\t\t\t\t\t\t\t<div class=\"wd-post-date wd-style-with-bg\">\n\t\t\t\t<span class=\"post-date-day\">\n\t\t\t\t\t20\t\t\t\t<\/span>\n\t\t\t\t<span class=\"post-date-month\">\n\t\t\t\t\tEyl\t\t\t\t<\/span>\n\t\t\t<\/div>\n\t\t\t\t\t\t\t\t\t<\/div>\n\t\t\n\t\t<div class=\"wd-post-content article-body-container\">\n\t\t\t\n\t\t\t\t\t\t\t<h3 class=\"wd-post-title wd-entities-title title post-title\">\n\t\t\t\t\t<a href=\"https:\/\/binbirgecemasallari.com\/masal-oku-super-kahramanlar-ve-dinozorlar\/\" rel=\"bookmark\">Ya\u011f\u0131z ve S\u00fcper Kahramanlarla Dinozor Kurtarma Maceras\u0131<\/a>\n\t\t\t\t<\/h3>\n\t\t\t\n\t\t\t\n\t\t\t\t\t\t\t\n\t\t\t\t\t\t\t\t\t<\/div>\n\t<\/div>\n<\/article>\n\n\t\t\t\t\t\t\t\t\t\t\t\n<article id=\"post-4279\" class=\"wd-post blog-design-masonry blog-post-loop blog-style-bg wd-add-shadow wd-col post-4279 post type-post status-publish format-standard has-post-thumbnail hentry category-isme-ozel-masallar category-2-yas-masallari category-3-yas-masallari category-4-yas-masallari category-5-yas-masallari category-6-yas-masallari category-doga-ve-cevre-masallari category-egitici-masallar category-fantastik-masallar category-uyku-masallari tag-cocuk-masallari tag-doga-masallari tag-fantastik-masallar tag-hayvan-masali tag-kardes-hikayesi tag-kardes-masali tag-masal-dinle tag-masal-oku tag-uyku-masallari\">\n\t<div class=\"wd-post-inner article-inner\">\n\t\t\t\t\t<div class=\"wd-post-thumb entry-header\">\n\t\t\t\t\t\t\t\t\t<div class=\"wd-post-img post-img-wrapp\">\n\t\t\t\t\t\t<img width=\"1024\" height=\"1024\" src=\"https:\/\/binbirgecemasallari.com\/wp-content\/themes\/woodmart\/images\/lazy.svg\" class=\"attachment-large size-large\" alt=\"Umay ve \u0130lke&#039;nin B\u00fcy\u00fcl\u00fc Maceras\u0131 masal oku\" decoding=\"async\" srcset=\"\" sizes=\"(max-width: 1024px) 100vw, 1024px\" data-src=\"https:\/\/binbirgecemasallari.com\/wp-content\/uploads\/2024\/09\/Umay-ve-Ilkenin-Buyulu-Macerasi-masal-oku.webp\" data-srcset=\"https:\/\/binbirgecemasallari.com\/wp-content\/uploads\/2024\/09\/Umay-ve-Ilkenin-Buyulu-Macerasi-masal-oku.webp 1024w, https:\/\/binbirgecemasallari.com\/wp-content\/uploads\/2024\/09\/Umay-ve-Ilkenin-Buyulu-Macerasi-masal-oku-300x300.webp 300w, https:\/\/binbirgecemasallari.com\/wp-content\/uploads\/2024\/09\/Umay-ve-Ilkenin-Buyulu-Macerasi-masal-oku-150x150.webp 150w, https:\/\/binbirgecemasallari.com\/wp-content\/uploads\/2024\/09\/Umay-ve-Ilkenin-Buyulu-Macerasi-masal-oku-768x768.webp 768w, https:\/\/binbirgecemasallari.com\/wp-content\/uploads\/2024\/09\/Umay-ve-Ilkenin-Buyulu-Macerasi-masal-oku-600x600.webp 600w\" \/>\t\t\t\t\t<\/div>\n\t\t\t\t\t<a class=\"wd-fill\" href=\"https:\/\/binbirgecemasallari.com\/masal-oku-umay-ve-ilkenin-buyulu-macerasi\/\"><\/a>\n\t\t\t\t\n\t\t\t\t\t\t\t\t\t\t\t\t<div class=\"wd-post-date wd-style-with-bg\">\n\t\t\t\t<span class=\"post-date-day\">\n\t\t\t\t\t20\t\t\t\t<\/span>\n\t\t\t\t<span class=\"post-date-month\">\n\t\t\t\t\tEyl\t\t\t\t<\/span>\n\t\t\t<\/div>\n\t\t\t\t\t\t\t\t\t<\/div>\n\t\t\n\t\t<div class=\"wd-post-content article-body-container\">\n\t\t\t\n\t\t\t\t\t\t\t<h3 class=\"wd-post-title wd-entities-title title post-title\">\n\t\t\t\t\t<a href=\"https:\/\/binbirgecemasallari.com\/masal-oku-umay-ve-ilkenin-buyulu-macerasi\/\" rel=\"bookmark\">Umay ve \u0130lke&#8217;nin B\u00fcy\u00fcl\u00fc Maceras\u0131<\/a>\n\t\t\t\t<\/h3>\n\t\t\t\n\t\t\t\n\t\t\t\t\t\t\t\n\t\t\t\t\t\t\t\t\t<\/div>\n\t<\/div>\n<\/article>\n\n\t\t\t\t\t\t\t\t\t\t\t\n<article id=\"post-4277\" class=\"wd-post blog-design-masonry blog-post-loop blog-style-bg wd-add-shadow wd-col post-4277 post type-post status-publish format-standard has-post-thumbnail hentry category-isme-ozel-masallar category-2-yas-masallari category-3-yas-masallari category-4-yas-masallari category-5-yas-masallari category-bebek-masallari category-doga-ve-cevre-masallari category-egitici-masallar category-hayvan-masallari category-uyku-masallari tag-cocuk-masallari tag-doga-masallari tag-hayvan-masali tag-isme-ozel-masal tag-masal-dinle tag-masal-oku tag-uyku-masallari\">\n\t<div class=\"wd-post-inner article-inner\">\n\t\t\t\t\t<div class=\"wd-post-thumb entry-header\">\n\t\t\t\t\t\t\t\t\t<div class=\"wd-post-img post-img-wrapp\">\n\t\t\t\t\t\t<img width=\"1024\" height=\"1024\" src=\"https:\/\/binbirgecemasallari.com\/wp-content\/themes\/woodmart\/images\/lazy.svg\" class=\"attachment-large size-large\" alt=\"Doruk\u2019un Orman Maceras\u0131 masal oku\" decoding=\"async\" srcset=\"\" sizes=\"(max-width: 1024px) 100vw, 1024px\" data-src=\"https:\/\/binbirgecemasallari.com\/wp-content\/uploads\/2024\/09\/Dorukun-Orman-Macerasi-masal-oku.webp\" data-srcset=\"https:\/\/binbirgecemasallari.com\/wp-content\/uploads\/2024\/09\/Dorukun-Orman-Macerasi-masal-oku.webp 1024w, https:\/\/binbirgecemasallari.com\/wp-content\/uploads\/2024\/09\/Dorukun-Orman-Macerasi-masal-oku-300x300.webp 300w, https:\/\/binbirgecemasallari.com\/wp-content\/uploads\/2024\/09\/Dorukun-Orman-Macerasi-masal-oku-150x150.webp 150w, https:\/\/binbirgecemasallari.com\/wp-content\/uploads\/2024\/09\/Dorukun-Orman-Macerasi-masal-oku-768x768.webp 768w, https:\/\/binbirgecemasallari.com\/wp-content\/uploads\/2024\/09\/Dorukun-Orman-Macerasi-masal-oku-600x600.webp 600w\" \/>\t\t\t\t\t<\/div>\n\t\t\t\t\t<a class=\"wd-fill\" href=\"https:\/\/binbirgecemasallari.com\/masal-oku-dorukun-orman-macerasi\/\"><\/a>\n\t\t\t\t\n\t\t\t\t\t\t\t\t\t\t\t\t<div class=\"wd-post-date wd-style-with-bg\">\n\t\t\t\t<span class=\"post-date-day\">\n\t\t\t\t\t20\t\t\t\t<\/span>\n\t\t\t\t<span class=\"post-date-month\">\n\t\t\t\t\tEyl\t\t\t\t<\/span>\n\t\t\t<\/div>\n\t\t\t\t\t\t\t\t\t<\/div>\n\t\t\n\t\t<div class=\"wd-post-content article-body-container\">\n\t\t\t\n\t\t\t\t\t\t\t<h3 class=\"wd-post-title wd-entities-title title post-title\">\n\t\t\t\t\t<a href=\"https:\/\/binbirgecemasallari.com\/masal-oku-dorukun-orman-macerasi\/\" rel=\"bookmark\">Doruk\u2019un Orman Maceras\u0131<\/a>\n\t\t\t\t<\/h3>\n\t\t\t\n\t\t\t\n\t\t\t\t\t\t\t\n\t\t\t\t\t\t\t\t\t<\/div>\n\t<\/div>\n<\/article>\n\n\t\t\t\t\t\t\t\t\t\t\t\n<article id=\"post-3213\" class=\"wd-post blog-design-masonry blog-post-loop blog-style-bg wd-add-shadow wd-col post-3213 post type-post status-publish format-standard has-post-thumbnail hentry category-isme-ozel-masallar category-3-yas-masallari category-4-yas-masallari category-5-yas-masallari category-6-yas-masallari category-egitici-masallar category-futbol-masallari category-uyku-masallari tag-fantastik-masallar tag-isme-ozel-masal tag-masal-dinle tag-masal-oku tag-uyku-masallari\">\n\t<div class=\"wd-post-inner article-inner\">\n\t\t\t\t\t<div class=\"wd-post-thumb entry-header\">\n\t\t\t\t\t\t\t\t\t<div class=\"wd-post-img post-img-wrapp\">\n\t\t\t\t\t\t<img width=\"1024\" height=\"1024\" src=\"https:\/\/binbirgecemasallari.com\/wp-content\/themes\/woodmart\/images\/lazy.svg\" class=\"attachment-large size-large\" alt=\"Eymen ve Ye\u015fil Trakt\u00f6rle B\u00fcy\u00fcl\u00fc Okul Maceras\u0131 masal oku\" decoding=\"async\" srcset=\"\" sizes=\"(max-width: 1024px) 100vw, 1024px\" data-src=\"https:\/\/binbirgecemasallari.com\/wp-content\/uploads\/2024\/09\/Eymen-ve-Yesil-Traktorle-Buyulu-Okul-Macerasi-masal-oku-1024x1024.png\" data-srcset=\"https:\/\/binbirgecemasallari.com\/wp-content\/uploads\/2024\/09\/Eymen-ve-Yesil-Traktorle-Buyulu-Okul-Macerasi-masal-oku-1024x1024.png 1024w, https:\/\/binbirgecemasallari.com\/wp-content\/uploads\/2024\/09\/Eymen-ve-Yesil-Traktorle-Buyulu-Okul-Macerasi-masal-oku-300x300.png 300w, https:\/\/binbirgecemasallari.com\/wp-content\/uploads\/2024\/09\/Eymen-ve-Yesil-Traktorle-Buyulu-Okul-Macerasi-masal-oku-150x150.png 150w, https:\/\/binbirgecemasallari.com\/wp-content\/uploads\/2024\/09\/Eymen-ve-Yesil-Traktorle-Buyulu-Okul-Macerasi-masal-oku-768x768.png 768w, https:\/\/binbirgecemasallari.com\/wp-content\/uploads\/2024\/09\/Eymen-ve-Yesil-Traktorle-Buyulu-Okul-Macerasi-masal-oku-600x600.png 600w, https:\/\/binbirgecemasallari.com\/wp-content\/uploads\/2024\/09\/Eymen-ve-Yesil-Traktorle-Buyulu-Okul-Macerasi-masal-oku.png 1080w\" \/>\t\t\t\t\t<\/div>\n\t\t\t\t\t<a class=\"wd-fill\" href=\"https:\/\/binbirgecemasallari.com\/masal-oku-eymen-ve-okul-macerasi\/\"><\/a>\n\t\t\t\t\n\t\t\t\t\t\t\t\t\t\t\t\t<div class=\"wd-post-date wd-style-with-bg\">\n\t\t\t\t<span class=\"post-date-day\">\n\t\t\t\t\t19\t\t\t\t<\/span>\n\t\t\t\t<span class=\"post-date-month\">\n\t\t\t\t\tEyl\t\t\t\t<\/span>\n\t\t\t<\/div>\n\t\t\t\t\t\t\t\t\t<\/div>\n\t\t\n\t\t<div class=\"wd-post-content article-body-container\">\n\t\t\t\n\t\t\t\t\t\t\t<h3 class=\"wd-post-title wd-entities-title title post-title\">\n\t\t\t\t\t<a href=\"https:\/\/binbirgecemasallari.com\/masal-oku-eymen-ve-okul-macerasi\/\" rel=\"bookmark\">Eymen ve Ye\u015fil Trakt\u00f6rle B\u00fcy\u00fcl\u00fc Okul Maceras\u0131<\/a>\n\t\t\t\t<\/h3>\n\t\t\t\n\t\t\t\n\t\t\t\t\t\t\t\n\t\t\t\t\t\t\t\t\t<\/div>\n\t<\/div>\n<\/article>\n\n\t\t\t\t\t\t\t\t\t\t\t\n<article id=\"post-4139\" class=\"wd-post blog-design-masonry blog-post-loop blog-style-bg wd-add-shadow wd-col post-4139 post type-post status-publish format-standard has-post-thumbnail hentry category-3-yas-masallari category-4-yas-masallari category-5-yas-masallari category-6-yas-masallari category-egitici-masallar category-isme-ozel-masallar category-uyku-masallari tag-cocuk-masallari tag-isme-ozel-masal tag-masal-dinle tag-masal-oku tag-okul-masali tag-uyku-masallari\">\n\t<div class=\"wd-post-inner article-inner\">\n\t\t\t\t\t<div class=\"wd-post-thumb entry-header\">\n\t\t\t\t\t\t\t\t\t<div class=\"wd-post-img post-img-wrapp\">\n\t\t\t\t\t\t<img width=\"1024\" height=\"1024\" src=\"https:\/\/binbirgecemasallari.com\/wp-content\/themes\/woodmart\/images\/lazy.svg\" class=\"attachment-large size-large\" alt=\"Uras\u0131n Okul Maceras\u0131 B\u00fcy\u00fck Ke\u015fif G\u00fcn\u00fc masal oku\" decoding=\"async\" srcset=\"\" sizes=\"(max-width: 1024px) 100vw, 1024px\" data-src=\"https:\/\/binbirgecemasallari.com\/wp-content\/uploads\/2024\/09\/Urasin-Okul-Macerasi-Buyuk-Kesif-Gunu-masal-oku-3.webp\" data-srcset=\"https:\/\/binbirgecemasallari.com\/wp-content\/uploads\/2024\/09\/Urasin-Okul-Macerasi-Buyuk-Kesif-Gunu-masal-oku-3.webp 1024w, https:\/\/binbirgecemasallari.com\/wp-content\/uploads\/2024\/09\/Urasin-Okul-Macerasi-Buyuk-Kesif-Gunu-masal-oku-3-300x300.webp 300w, https:\/\/binbirgecemasallari.com\/wp-content\/uploads\/2024\/09\/Urasin-Okul-Macerasi-Buyuk-Kesif-Gunu-masal-oku-3-150x150.webp 150w, https:\/\/binbirgecemasallari.com\/wp-content\/uploads\/2024\/09\/Urasin-Okul-Macerasi-Buyuk-Kesif-Gunu-masal-oku-3-768x768.webp 768w, https:\/\/binbirgecemasallari.com\/wp-content\/uploads\/2024\/09\/Urasin-Okul-Macerasi-Buyuk-Kesif-Gunu-masal-oku-3-600x600.webp 600w\" \/>\t\t\t\t\t<\/div>\n\t\t\t\t\t<a class=\"wd-fill\" href=\"https:\/\/binbirgecemasallari.com\/masal-oku-urasin-okul-macerasi\/\"><\/a>\n\t\t\t\t\n\t\t\t\t\t\t\t\t\t\t\t\t<div class=\"wd-post-date wd-style-with-bg\">\n\t\t\t\t<span class=\"post-date-day\">\n\t\t\t\t\t19\t\t\t\t<\/span>\n\t\t\t\t<span class=\"post-date-month\">\n\t\t\t\t\tEyl\t\t\t\t<\/span>\n\t\t\t<\/div>\n\t\t\t\t\t\t\t\t\t<\/div>\n\t\t\n\t\t<div class=\"wd-post-content article-body-container\">\n\t\t\t\n\t\t\t\t\t\t\t<h3 class=\"wd-post-title wd-entities-title title post-title\">\n\t\t\t\t\t<a href=\"https:\/\/binbirgecemasallari.com\/masal-oku-urasin-okul-macerasi\/\" rel=\"bookmark\">Uras\u2019\u0131n Okul Maceras\u0131: B\u00fcy\u00fck Ke\u015fif G\u00fcn\u00fc<\/a>\n\t\t\t\t<\/h3>\n\t\t\t\n\t\t\t\n\t\t\t\t\t\t\t\n\t\t\t\t\t\t\t\t\t<\/div>\n\t<\/div>\n<\/article>\n\n\t\t\t\t\t\t\t\t\t\t\t\n<article id=\"post-4141\" class=\"wd-post blog-design-masonry blog-post-loop blog-style-bg wd-add-shadow wd-col post-4141 post type-post status-publish format-standard has-post-thumbnail hentry category-isme-ozel-masallar category-2-yas-masallari category-3-yas-masallari category-4-yas-masallari category-5-yas-masallari category-6-yas-masallari category-egitici-masallar category-fantastik-masallar category-uyku-masallari tag-araba-masali tag-isme-ozel-masal tag-masal-dinle tag-masal-oku tag-yaris-arabasi\">\n\t<div class=\"wd-post-inner article-inner\">\n\t\t\t\t\t<div class=\"wd-post-thumb entry-header\">\n\t\t\t\t\t\t\t\t\t<div class=\"wd-post-img post-img-wrapp\">\n\t\t\t\t\t\t<img width=\"1024\" height=\"1024\" src=\"https:\/\/binbirgecemasallari.com\/wp-content\/themes\/woodmart\/images\/lazy.svg\" class=\"attachment-large size-large\" alt=\"Mira\u00e7 ve B\u00fcy\u00fcl\u00fc Araba D\u00fcnyas\u0131 masal oku\" decoding=\"async\" srcset=\"\" sizes=\"(max-width: 1024px) 100vw, 1024px\" data-src=\"https:\/\/binbirgecemasallari.com\/wp-content\/uploads\/2024\/09\/Mirac-ve-Buyulu-Araba-Dunyasi-masal-oku-4.webp\" data-srcset=\"https:\/\/binbirgecemasallari.com\/wp-content\/uploads\/2024\/09\/Mirac-ve-Buyulu-Araba-Dunyasi-masal-oku-4.webp 1024w, https:\/\/binbirgecemasallari.com\/wp-content\/uploads\/2024\/09\/Mirac-ve-Buyulu-Araba-Dunyasi-masal-oku-4-300x300.webp 300w, https:\/\/binbirgecemasallari.com\/wp-content\/uploads\/2024\/09\/Mirac-ve-Buyulu-Araba-Dunyasi-masal-oku-4-150x150.webp 150w, https:\/\/binbirgecemasallari.com\/wp-content\/uploads\/2024\/09\/Mirac-ve-Buyulu-Araba-Dunyasi-masal-oku-4-768x768.webp 768w, https:\/\/binbirgecemasallari.com\/wp-content\/uploads\/2024\/09\/Mirac-ve-Buyulu-Araba-Dunyasi-masal-oku-4-600x600.webp 600w\" \/>\t\t\t\t\t<\/div>\n\t\t\t\t\t<a class=\"wd-fill\" href=\"https:\/\/binbirgecemasallari.com\/masal-oku-mirac-ve-buyulu-araba-dunyasi\/\"><\/a>\n\t\t\t\t\n\t\t\t\t\t\t\t\t\t\t\t\t<div class=\"wd-post-date wd-style-with-bg\">\n\t\t\t\t<span class=\"post-date-day\">\n\t\t\t\t\t19\t\t\t\t<\/span>\n\t\t\t\t<span class=\"post-date-month\">\n\t\t\t\t\tEyl\t\t\t\t<\/span>\n\t\t\t<\/div>\n\t\t\t\t\t\t\t\t\t<\/div>\n\t\t\n\t\t<div class=\"wd-post-content article-body-container\">\n\t\t\t\n\t\t\t\t\t\t\t<h3 class=\"wd-post-title wd-entities-title title post-title\">\n\t\t\t\t\t<a href=\"https:\/\/binbirgecemasallari.com\/masal-oku-mirac-ve-buyulu-araba-dunyasi\/\" rel=\"bookmark\">Mira\u00e7 ve B\u00fcy\u00fcl\u00fc Araba D\u00fcnyas\u0131<\/a>\n\t\t\t\t<\/h3>\n\t\t\t\n\t\t\t\n\t\t\t\t\t\t\t\n\t\t\t\t\t\t\t\t\t<\/div>\n\t<\/div>\n<\/article>\n\n\t\t\t\t\t\t\t\t\t\t\t\n<article id=\"post-4140\" class=\"wd-post blog-design-masonry blog-post-loop blog-style-bg wd-add-shadow wd-col post-4140 post type-post status-publish format-standard has-post-thumbnail hentry category-isme-ozel-masallar category-4-yas-masallari category-5-yas-masallari category-6-yas-masallari category-7-yas-masallari category-doga-ve-cevre-masallari category-fantastik-masallar category-hayvan-masallari category-uyku-masallari tag-cocuk-masallari tag-doga-masallari tag-futbol-masallari tag-isme-ozel-masal tag-kardes-hikayesi tag-masal-dinle tag-masal-oku tag-uyku-masallari\">\n\t<div class=\"wd-post-inner article-inner\">\n\t\t\t\t\t<div class=\"wd-post-thumb entry-header\">\n\t\t\t\t\t\t\t\t\t<div class=\"wd-post-img post-img-wrapp\">\n\t\t\t\t\t\t<img width=\"1024\" height=\"1024\" src=\"https:\/\/binbirgecemasallari.com\/wp-content\/themes\/woodmart\/images\/lazy.svg\" class=\"attachment-large size-large\" alt=\"do\u011fa masallar\u0131 oku\" decoding=\"async\" srcset=\"\" sizes=\"(max-width: 1024px) 100vw, 1024px\" data-src=\"https:\/\/binbirgecemasallari.com\/wp-content\/uploads\/2024\/09\/doga-masallari-oku-1.webp\" data-srcset=\"https:\/\/binbirgecemasallari.com\/wp-content\/uploads\/2024\/09\/doga-masallari-oku-1.webp 1024w, https:\/\/binbirgecemasallari.com\/wp-content\/uploads\/2024\/09\/doga-masallari-oku-1-300x300.webp 300w, https:\/\/binbirgecemasallari.com\/wp-content\/uploads\/2024\/09\/doga-masallari-oku-1-150x150.webp 150w, https:\/\/binbirgecemasallari.com\/wp-content\/uploads\/2024\/09\/doga-masallari-oku-1-768x768.webp 768w, https:\/\/binbirgecemasallari.com\/wp-content\/uploads\/2024\/09\/doga-masallari-oku-1-600x600.webp 600w\" \/>\t\t\t\t\t<\/div>\n\t\t\t\t\t<a class=\"wd-fill\" href=\"https:\/\/binbirgecemasallari.com\/masal-oku-mirza-ve-asya-dogada\/\"><\/a>\n\t\t\t\t\n\t\t\t\t\t\t\t\t\t\t\t\t<div class=\"wd-post-date wd-style-with-bg\">\n\t\t\t\t<span class=\"post-date-day\">\n\t\t\t\t\t19\t\t\t\t<\/span>\n\t\t\t\t<span class=\"post-date-month\">\n\t\t\t\t\tEyl\t\t\t\t<\/span>\n\t\t\t<\/div>\n\t\t\t\t\t\t\t\t\t<\/div>\n\t\t\n\t\t<div class=\"wd-post-content article-body-container\">\n\t\t\t\n\t\t\t\t\t\t\t<h3 class=\"wd-post-title wd-entities-title title post-title\">\n\t\t\t\t\t<a href=\"https:\/\/binbirgecemasallari.com\/masal-oku-mirza-ve-asya-dogada\/\" rel=\"bookmark\">Araz Mirza ve Asya Firuza\u2019n\u0131n Do\u011fadaki Sihirli Futbol Ma\u00e7\u0131<\/a>\n\t\t\t\t<\/h3>\n\t\t\t\n\t\t\t\n\t\t\t\t\t\t\t\n\t\t\t\t\t\t\t\t\t<\/div>\n\t<\/div>\n<\/article>\n\n\t\t\t\t\t\t\t\t\t\t\t\n<article id=\"post-4128\" class=\"wd-post blog-design-masonry blog-post-loop blog-style-bg wd-add-shadow wd-col post-4128 post type-post status-publish format-standard has-post-thumbnail hentry category-isme-ozel-masallar category-2-yas-masallari category-3-yas-masallari category-4-yas-masallari category-5-yas-masallari category-6-yas-masallari category-7-yas-masallari category-fantastik-masallar category-uyku-masallari tag-cocuk-masallari tag-doga-masallari tag-isme-ozel-masal tag-kardes-hikayesi tag-kardes-masali tag-masal-dinle tag-masal-oku tag-uyku-masallari\">\n\t<div class=\"wd-post-inner article-inner\">\n\t\t\t\t\t<div class=\"wd-post-thumb entry-header\">\n\t\t\t\t\t\t\t\t\t<div class=\"wd-post-img post-img-wrapp\">\n\t\t\t\t\t\t<img width=\"1024\" height=\"1024\" src=\"https:\/\/binbirgecemasallari.com\/wp-content\/themes\/woodmart\/images\/lazy.svg\" class=\"attachment-large size-large\" alt=\"Masal oku Mesut Alp ve Burak\u2019\u0131n Sihirli Okul Yolculu\u011fu\" decoding=\"async\" srcset=\"\" sizes=\"(max-width: 1024px) 100vw, 1024px\" data-src=\"https:\/\/binbirgecemasallari.com\/wp-content\/uploads\/2024\/09\/masal-oku-Mesut-Alp-ve-Burakin-Sihirli-Okul-Yolculugu.webp\" data-srcset=\"https:\/\/binbirgecemasallari.com\/wp-content\/uploads\/2024\/09\/masal-oku-Mesut-Alp-ve-Burakin-Sihirli-Okul-Yolculugu.webp 1024w, https:\/\/binbirgecemasallari.com\/wp-content\/uploads\/2024\/09\/masal-oku-Mesut-Alp-ve-Burakin-Sihirli-Okul-Yolculugu-300x300.webp 300w, https:\/\/binbirgecemasallari.com\/wp-content\/uploads\/2024\/09\/masal-oku-Mesut-Alp-ve-Burakin-Sihirli-Okul-Yolculugu-150x150.webp 150w, https:\/\/binbirgecemasallari.com\/wp-content\/uploads\/2024\/09\/masal-oku-Mesut-Alp-ve-Burakin-Sihirli-Okul-Yolculugu-768x768.webp 768w, https:\/\/binbirgecemasallari.com\/wp-content\/uploads\/2024\/09\/masal-oku-Mesut-Alp-ve-Burakin-Sihirli-Okul-Yolculugu-600x600.webp 600w\" \/>\t\t\t\t\t<\/div>\n\t\t\t\t\t<a class=\"wd-fill\" href=\"https:\/\/binbirgecemasallari.com\/masal-oku-mesut-alp-ve-burakin-sihirli-okul-yolculugu\/\"><\/a>\n\t\t\t\t\n\t\t\t\t\t\t\t\t\t\t\t\t<div class=\"wd-post-date wd-style-with-bg\">\n\t\t\t\t<span class=\"post-date-day\">\n\t\t\t\t\t19\t\t\t\t<\/span>\n\t\t\t\t<span class=\"post-date-month\">\n\t\t\t\t\tEyl\t\t\t\t<\/span>\n\t\t\t<\/div>\n\t\t\t\t\t\t\t\t\t<\/div>\n\t\t\n\t\t<div class=\"wd-post-content article-body-container\">\n\t\t\t\n\t\t\t\t\t\t\t<h3 class=\"wd-post-title wd-entities-title title post-title\">\n\t\t\t\t\t<a href=\"https:\/\/binbirgecemasallari.com\/masal-oku-mesut-alp-ve-burakin-sihirli-okul-yolculugu\/\" rel=\"bookmark\">Mesut Alp ve Burak\u2019\u0131n Sihirli Okul Yolculu\u011fu<\/a>\n\t\t\t\t<\/h3>\n\t\t\t\n\t\t\t\n\t\t\t\t\t\t\t\n\t\t\t\t\t\t\t\t\t<\/div>\n\t<\/div>\n<\/article>\n\n\t\t\t\t\t\n\t\t\t\t\t","status":"have-posts","nextPage":"https:\/\/binbirgecemasallari.com\/tum-masallar\/page\/9\/?woo_ajax=1","currentPage":"https:\/\/binbirgecemasallari.com\/tum-masallar\/page\/8"}