
			
				

					
				

			
		{"items":"\n\t\t\t\t\t\t\t\t\t\t\t\n<article id=\"post-4138\" class=\"wd-post blog-design-masonry blog-post-loop blog-style-bg wd-add-shadow wd-col post-4138 post type-post status-publish format-standard has-post-thumbnail hentry category-isme-ozel-masallar category-2-yas-masallari category-3-yas-masallari category-doga-ve-cevre-masallari category-macera-hikayeleri tag-cocuk-masallari tag-doga-masallari tag-hayvan-masali tag-isme-ozel-masal tag-masal-dinle tag-masal-oku\">\n\t<div class=\"wd-post-inner article-inner\">\n\t\t\t\t\t<div class=\"wd-post-thumb entry-header\">\n\t\t\t\t\t\t\t\t\t<div class=\"wd-post-img post-img-wrapp\">\n\t\t\t\t\t\t<img width=\"1024\" height=\"1024\" src=\"https:\/\/binbirgecemasallari.com\/wp-content\/themes\/woodmart\/images\/lazy.svg\" class=\"attachment-large size-large\" alt=\"Mehmet Selim ve Ormandaki Bayku\u015f masal oku\" decoding=\"async\" srcset=\"\" sizes=\"(max-width: 1024px) 100vw, 1024px\" data-src=\"https:\/\/binbirgecemasallari.com\/wp-content\/uploads\/2024\/09\/Mehmet-Selim-ve-Ormandaki-Baykus-masal-oku-1.webp\" data-srcset=\"https:\/\/binbirgecemasallari.com\/wp-content\/uploads\/2024\/09\/Mehmet-Selim-ve-Ormandaki-Baykus-masal-oku-1.webp 1024w, https:\/\/binbirgecemasallari.com\/wp-content\/uploads\/2024\/09\/Mehmet-Selim-ve-Ormandaki-Baykus-masal-oku-1-300x300.webp 300w, https:\/\/binbirgecemasallari.com\/wp-content\/uploads\/2024\/09\/Mehmet-Selim-ve-Ormandaki-Baykus-masal-oku-1-150x150.webp 150w, https:\/\/binbirgecemasallari.com\/wp-content\/uploads\/2024\/09\/Mehmet-Selim-ve-Ormandaki-Baykus-masal-oku-1-768x768.webp 768w, https:\/\/binbirgecemasallari.com\/wp-content\/uploads\/2024\/09\/Mehmet-Selim-ve-Ormandaki-Baykus-masal-oku-1-600x600.webp 600w\" \/>\t\t\t\t\t<\/div>\n\t\t\t\t\t<a class=\"wd-fill\" href=\"https:\/\/binbirgecemasallari.com\/masal-oku-mehmet-selim-ve-ormandaki-baykus\/\"><\/a>\n\t\t\t\t\n\t\t\t\t\t\t\t\t\t\t\t\t<link rel=\"stylesheet\" id=\"wd-post-types-mod-date-style-bg-css\" href=\"https:\/\/binbirgecemasallari.com\/wp-content\/themes\/woodmart\/css\/parts\/post-types-mod-date-style-bg.min.css?ver=8.2.7\" type=\"text\/css\" media=\"all\" \/> \t\t\t\t\t\t<div class=\"wd-post-date wd-style-with-bg\">\n\t\t\t\t<span class=\"post-date-day\">\n\t\t\t\t\t19\t\t\t\t<\/span>\n\t\t\t\t<span class=\"post-date-month\">\n\t\t\t\t\tEyl\t\t\t\t<\/span>\n\t\t\t<\/div>\n\t\t\t\t\t\t\t\t\t<\/div>\n\t\t\n\t\t<div class=\"wd-post-content article-body-container\">\n\t\t\t\n\t\t\t\t\t\t\t<h3 class=\"wd-post-title wd-entities-title title post-title\">\n\t\t\t\t\t<a href=\"https:\/\/binbirgecemasallari.com\/masal-oku-mehmet-selim-ve-ormandaki-baykus\/\" rel=\"bookmark\">Mehmet Selim ve Ormandaki \u0130ri G\u00f6zl\u00fc Bayku\u015f<\/a>\n\t\t\t\t<\/h3>\n\t\t\t\n\t\t\t\n\t\t\t\t\t\t\t\n\t\t\t\t\t\t\t\t\t<\/div>\n\t<\/div>\n<\/article>\n\n\t\t\t\t\t\t\t\t\t\t\t\n<article id=\"post-4137\" class=\"wd-post blog-design-masonry blog-post-loop blog-style-bg wd-add-shadow wd-col post-4137 post type-post status-publish format-standard has-post-thumbnail hentry category-isme-ozel-masallar category-10-yas-masallari-oku category-7-yas-masallari category-8-yas-masallari-oku category-9-yas-masallari-oku category-fantastik-masallar category-macera-hikayeleri category-uyku-masallari tag-cocuk-masallari tag-fantastik-masallar tag-isme-ozel-masal tag-kardes-hikayesi tag-kardes-masali tag-masal-dinle tag-masal-oku tag-uyku-masallari\">\n\t<div class=\"wd-post-inner article-inner\">\n\t\t\t\t\t<div class=\"wd-post-thumb entry-header\">\n\t\t\t\t\t\t\t\t\t<div class=\"wd-post-img post-img-wrapp\">\n\t\t\t\t\t\t<img width=\"1024\" height=\"1024\" src=\"https:\/\/binbirgecemasallari.com\/wp-content\/themes\/woodmart\/images\/lazy.svg\" class=\"attachment-large size-large\" alt=\"Azra ve Osman\u2019\u0131n B\u00fcy\u00fcl\u00fc Zaman Saati masal oku\" decoding=\"async\" srcset=\"\" sizes=\"(max-width: 1024px) 100vw, 1024px\" data-src=\"https:\/\/binbirgecemasallari.com\/wp-content\/uploads\/2024\/09\/Azra-ve-Osmanin-Buyulu-Zaman-Saati-masal-oku-1024x1024.png\" data-srcset=\"https:\/\/binbirgecemasallari.com\/wp-content\/uploads\/2024\/09\/Azra-ve-Osmanin-Buyulu-Zaman-Saati-masal-oku-1024x1024.png 1024w, https:\/\/binbirgecemasallari.com\/wp-content\/uploads\/2024\/09\/Azra-ve-Osmanin-Buyulu-Zaman-Saati-masal-oku-300x300.png 300w, https:\/\/binbirgecemasallari.com\/wp-content\/uploads\/2024\/09\/Azra-ve-Osmanin-Buyulu-Zaman-Saati-masal-oku-150x150.png 150w, https:\/\/binbirgecemasallari.com\/wp-content\/uploads\/2024\/09\/Azra-ve-Osmanin-Buyulu-Zaman-Saati-masal-oku-768x768.png 768w, https:\/\/binbirgecemasallari.com\/wp-content\/uploads\/2024\/09\/Azra-ve-Osmanin-Buyulu-Zaman-Saati-masal-oku-600x600.png 600w, https:\/\/binbirgecemasallari.com\/wp-content\/uploads\/2024\/09\/Azra-ve-Osmanin-Buyulu-Zaman-Saati-masal-oku.png 1080w\" \/>\t\t\t\t\t<\/div>\n\t\t\t\t\t<a class=\"wd-fill\" href=\"https:\/\/binbirgecemasallari.com\/masal-oku-azra-ve-osmanin-zaman-yolculugu\/\"><\/a>\n\t\t\t\t\n\t\t\t\t\t\t\t\t\t\t\t\t<div class=\"wd-post-date wd-style-with-bg\">\n\t\t\t\t<span class=\"post-date-day\">\n\t\t\t\t\t19\t\t\t\t<\/span>\n\t\t\t\t<span class=\"post-date-month\">\n\t\t\t\t\tEyl\t\t\t\t<\/span>\n\t\t\t<\/div>\n\t\t\t\t\t\t\t\t\t<\/div>\n\t\t\n\t\t<div class=\"wd-post-content article-body-container\">\n\t\t\t\n\t\t\t\t\t\t\t<h3 class=\"wd-post-title wd-entities-title title post-title\">\n\t\t\t\t\t<a href=\"https:\/\/binbirgecemasallari.com\/masal-oku-azra-ve-osmanin-zaman-yolculugu\/\" rel=\"bookmark\">Azra ve Osman\u2019\u0131n B\u00fcy\u00fcl\u00fc Zaman Saati<\/a>\n\t\t\t\t<\/h3>\n\t\t\t\n\t\t\t\n\t\t\t\t\t\t\t\n\t\t\t\t\t\t\t\t\t<\/div>\n\t<\/div>\n<\/article>\n\n\t\t\t\t\t\t\t\t\t\t\t\n<article id=\"post-4136\" class=\"wd-post blog-design-masonry blog-post-loop blog-style-bg wd-add-shadow wd-col post-4136 post type-post status-publish format-standard has-post-thumbnail hentry category-isme-ozel-masallar category-3-yas-masallari category-4-yas-masallari category-5-yas-masallari category-6-yas-masallari category-7-yas-masallari category-doga-ve-cevre-masallari category-fantastik-masallar category-hayvan-masallari category-uyku-masallari tag-cocuk-masallari tag-doga-masallari tag-hayvan-masali tag-isme-ozel-masal tag-masal-dinle tag-masal-oku tag-uyku-masallari\">\n\t<div class=\"wd-post-inner article-inner\">\n\t\t\t\t\t<div class=\"wd-post-thumb entry-header\">\n\t\t\t\t\t\t\t\t\t<div class=\"wd-post-img post-img-wrapp\">\n\t\t\t\t\t\t<img width=\"1024\" height=\"1024\" src=\"https:\/\/binbirgecemasallari.com\/wp-content\/themes\/woodmart\/images\/lazy.svg\" class=\"attachment-large size-large\" alt=\"\" decoding=\"async\" srcset=\"\" sizes=\"(max-width: 1024px) 100vw, 1024px\" data-src=\"https:\/\/binbirgecemasallari.com\/wp-content\/uploads\/2024\/09\/Afsin-Mirac-ve-Sevimli-Orman-Dostlari-masal-1024x1024.png\" data-srcset=\"https:\/\/binbirgecemasallari.com\/wp-content\/uploads\/2024\/09\/Afsin-Mirac-ve-Sevimli-Orman-Dostlari-masal-1024x1024.png 1024w, https:\/\/binbirgecemasallari.com\/wp-content\/uploads\/2024\/09\/Afsin-Mirac-ve-Sevimli-Orman-Dostlari-masal-300x300.png 300w, https:\/\/binbirgecemasallari.com\/wp-content\/uploads\/2024\/09\/Afsin-Mirac-ve-Sevimli-Orman-Dostlari-masal-150x150.png 150w, https:\/\/binbirgecemasallari.com\/wp-content\/uploads\/2024\/09\/Afsin-Mirac-ve-Sevimli-Orman-Dostlari-masal-768x768.png 768w, https:\/\/binbirgecemasallari.com\/wp-content\/uploads\/2024\/09\/Afsin-Mirac-ve-Sevimli-Orman-Dostlari-masal-600x600.png 600w, https:\/\/binbirgecemasallari.com\/wp-content\/uploads\/2024\/09\/Afsin-Mirac-ve-Sevimli-Orman-Dostlari-masal.png 1080w\" \/>\t\t\t\t\t<\/div>\n\t\t\t\t\t<a class=\"wd-fill\" href=\"https:\/\/binbirgecemasallari.com\/masal-oku-afsin-mirac-ve-orman-dostlari\/\"><\/a>\n\t\t\t\t\n\t\t\t\t\t\t\t\t\t\t\t\t<div class=\"wd-post-date wd-style-with-bg\">\n\t\t\t\t<span class=\"post-date-day\">\n\t\t\t\t\t19\t\t\t\t<\/span>\n\t\t\t\t<span class=\"post-date-month\">\n\t\t\t\t\tEyl\t\t\t\t<\/span>\n\t\t\t<\/div>\n\t\t\t\t\t\t\t\t\t<\/div>\n\t\t\n\t\t<div class=\"wd-post-content article-body-container\">\n\t\t\t\n\t\t\t\t\t\t\t<h3 class=\"wd-post-title wd-entities-title title post-title\">\n\t\t\t\t\t<a href=\"https:\/\/binbirgecemasallari.com\/masal-oku-afsin-mirac-ve-orman-dostlari\/\" rel=\"bookmark\">Af\u015fin Mira\u00e7 ve Sevimli Orman Dostlar\u0131<\/a>\n\t\t\t\t<\/h3>\n\t\t\t\n\t\t\t\n\t\t\t\t\t\t\t\n\t\t\t\t\t\t\t\t\t<\/div>\n\t<\/div>\n<\/article>\n\n\t\t\t\t\t\t\t\t\t\t\t\n<article id=\"post-4041\" class=\"wd-post blog-design-masonry blog-post-loop blog-style-bg wd-add-shadow wd-col post-4041 post type-post status-publish format-standard has-post-thumbnail hentry category-isme-ozel-masallar category-2-yas-masallari category-3-yas-masallari category-4-yas-masallari category-5-yas-masallari category-6-yas-masallari category-bebek-masallari category-fantastik-masallar category-uyku-masallari tag-cocuk-masallari tag-doga-masallari tag-isme-ozel-masal tag-kardes-hikayesi tag-kardes-masali tag-masal-dinle tag-masal-oku tag-uyku-masallari\">\n\t<div class=\"wd-post-inner article-inner\">\n\t\t\t\t\t<div class=\"wd-post-thumb entry-header\">\n\t\t\t\t\t\t\t\t\t<div class=\"wd-post-img post-img-wrapp\">\n\t\t\t\t\t\t<img width=\"1024\" height=\"1024\" src=\"https:\/\/binbirgecemasallari.com\/wp-content\/themes\/woodmart\/images\/lazy.svg\" class=\"attachment-large size-large\" alt=\"Almila ve Karan\u2019\u0131n B\u00fcy\u00fcl\u00fc Orman Maceras\u0131 masal oku\" decoding=\"async\" srcset=\"\" sizes=\"(max-width: 1024px) 100vw, 1024px\" data-src=\"https:\/\/binbirgecemasallari.com\/wp-content\/uploads\/2024\/09\/Almila-ve-Karanin-Buyulu-Orman-Macerasi-masal-oku-3.webp\" data-srcset=\"https:\/\/binbirgecemasallari.com\/wp-content\/uploads\/2024\/09\/Almila-ve-Karanin-Buyulu-Orman-Macerasi-masal-oku-3.webp 1024w, https:\/\/binbirgecemasallari.com\/wp-content\/uploads\/2024\/09\/Almila-ve-Karanin-Buyulu-Orman-Macerasi-masal-oku-3-300x300.webp 300w, https:\/\/binbirgecemasallari.com\/wp-content\/uploads\/2024\/09\/Almila-ve-Karanin-Buyulu-Orman-Macerasi-masal-oku-3-150x150.webp 150w, https:\/\/binbirgecemasallari.com\/wp-content\/uploads\/2024\/09\/Almila-ve-Karanin-Buyulu-Orman-Macerasi-masal-oku-3-768x768.webp 768w, https:\/\/binbirgecemasallari.com\/wp-content\/uploads\/2024\/09\/Almila-ve-Karanin-Buyulu-Orman-Macerasi-masal-oku-3-600x600.webp 600w\" \/>\t\t\t\t\t<\/div>\n\t\t\t\t\t<a class=\"wd-fill\" href=\"https:\/\/binbirgecemasallari.com\/masal-oku-almila-ve-karanin-orman-macerasi\/\"><\/a>\n\t\t\t\t\n\t\t\t\t\t\t\t\t\t\t\t\t<div class=\"wd-post-date wd-style-with-bg\">\n\t\t\t\t<span class=\"post-date-day\">\n\t\t\t\t\t18\t\t\t\t<\/span>\n\t\t\t\t<span class=\"post-date-month\">\n\t\t\t\t\tEyl\t\t\t\t<\/span>\n\t\t\t<\/div>\n\t\t\t\t\t\t\t\t\t<\/div>\n\t\t\n\t\t<div class=\"wd-post-content article-body-container\">\n\t\t\t\n\t\t\t\t\t\t\t<h3 class=\"wd-post-title wd-entities-title title post-title\">\n\t\t\t\t\t<a href=\"https:\/\/binbirgecemasallari.com\/masal-oku-almila-ve-karanin-orman-macerasi\/\" rel=\"bookmark\">Almila ve Karan\u2019\u0131n B\u00fcy\u00fcl\u00fc Orman Maceras\u0131<\/a>\n\t\t\t\t<\/h3>\n\t\t\t\n\t\t\t\n\t\t\t\t\t\t\t\n\t\t\t\t\t\t\t\t\t<\/div>\n\t<\/div>\n<\/article>\n\n\t\t\t\t\t\t\t\t\t\t\t\n<article id=\"post-4040\" class=\"wd-post blog-design-masonry blog-post-loop blog-style-bg wd-add-shadow wd-col post-4040 post type-post status-publish format-standard has-post-thumbnail hentry category-isme-ozel-masallar category-3-yas-masallari category-4-yas-masallari category-5-yas-masallari category-6-yas-masallari category-fantastik-masallar category-futbol-masallari category-uyku-masallari tag-cocuk-masallari tag-futbol-masallari tag-isme-ozel-masal tag-masal-dinle tag-masal-oku tag-uyku-masallari\">\n\t<div class=\"wd-post-inner article-inner\">\n\t\t\t\t\t<div class=\"wd-post-thumb entry-header\">\n\t\t\t\t\t\t\t\t\t<div class=\"wd-post-img post-img-wrapp\">\n\t\t\t\t\t\t<img width=\"1024\" height=\"1024\" src=\"https:\/\/binbirgecemasallari.com\/wp-content\/themes\/woodmart\/images\/lazy.svg\" class=\"attachment-large size-large\" alt=\"R\u00fczgar Ali ve Fenerbah\u00e7e&#039;nin Gizemli Topu masal oku\" decoding=\"async\" srcset=\"\" sizes=\"(max-width: 1024px) 100vw, 1024px\" data-src=\"https:\/\/binbirgecemasallari.com\/wp-content\/uploads\/2024\/09\/Ruzgar-Ali-ve-Fenerbahcenin-Gizemli-Topu-masal-oku-4.webp\" data-srcset=\"https:\/\/binbirgecemasallari.com\/wp-content\/uploads\/2024\/09\/Ruzgar-Ali-ve-Fenerbahcenin-Gizemli-Topu-masal-oku-4.webp 1024w, https:\/\/binbirgecemasallari.com\/wp-content\/uploads\/2024\/09\/Ruzgar-Ali-ve-Fenerbahcenin-Gizemli-Topu-masal-oku-4-300x300.webp 300w, https:\/\/binbirgecemasallari.com\/wp-content\/uploads\/2024\/09\/Ruzgar-Ali-ve-Fenerbahcenin-Gizemli-Topu-masal-oku-4-150x150.webp 150w, https:\/\/binbirgecemasallari.com\/wp-content\/uploads\/2024\/09\/Ruzgar-Ali-ve-Fenerbahcenin-Gizemli-Topu-masal-oku-4-768x768.webp 768w, https:\/\/binbirgecemasallari.com\/wp-content\/uploads\/2024\/09\/Ruzgar-Ali-ve-Fenerbahcenin-Gizemli-Topu-masal-oku-4-600x600.webp 600w\" \/>\t\t\t\t\t<\/div>\n\t\t\t\t\t<a class=\"wd-fill\" href=\"https:\/\/binbirgecemasallari.com\/masal-oku-ruzgar-ali-ve-gizemli-top\/\"><\/a>\n\t\t\t\t\n\t\t\t\t\t\t\t\t\t\t\t\t<div class=\"wd-post-date wd-style-with-bg\">\n\t\t\t\t<span class=\"post-date-day\">\n\t\t\t\t\t18\t\t\t\t<\/span>\n\t\t\t\t<span class=\"post-date-month\">\n\t\t\t\t\tEyl\t\t\t\t<\/span>\n\t\t\t<\/div>\n\t\t\t\t\t\t\t\t\t<\/div>\n\t\t\n\t\t<div class=\"wd-post-content article-body-container\">\n\t\t\t\n\t\t\t\t\t\t\t<h3 class=\"wd-post-title wd-entities-title title post-title\">\n\t\t\t\t\t<a href=\"https:\/\/binbirgecemasallari.com\/masal-oku-ruzgar-ali-ve-gizemli-top\/\" rel=\"bookmark\">R\u00fczgar Ali ve Fenerbah\u00e7e&#8217;nin Gizemli Topu<\/a>\n\t\t\t\t<\/h3>\n\t\t\t\n\t\t\t\n\t\t\t\t\t\t\t\n\t\t\t\t\t\t\t\t\t<\/div>\n\t<\/div>\n<\/article>\n\n\t\t\t\t\t\t\t\t\t\t\t\n<article id=\"post-4039\" class=\"wd-post blog-design-masonry blog-post-loop blog-style-bg wd-add-shadow wd-col post-4039 post type-post status-publish format-standard has-post-thumbnail hentry category-2-yas-masallari category-3-yas-masallari category-4-yas-masallari category-5-yas-masallari category-doga-ve-cevre-masallari category-hayvan-masallari category-isme-ozel-masallar category-uyku-masallari tag-cocuk-masallari tag-hayvan-masali tag-isme-ozel-masal tag-masal-dinle tag-masal-oku tag-uyku-masallari\">\n\t<div class=\"wd-post-inner article-inner\">\n\t\t\t\t\t<div class=\"wd-post-thumb entry-header\">\n\t\t\t\t\t\t\t\t\t<div class=\"wd-post-img post-img-wrapp\">\n\t\t\t\t\t\t<img width=\"1024\" height=\"1024\" src=\"https:\/\/binbirgecemasallari.com\/wp-content\/themes\/woodmart\/images\/lazy.svg\" class=\"attachment-large size-large\" alt=\"Adem\u2019in Hayvanlar Diyar\u0131ndaki Maceras\u0131 masla oku\" decoding=\"async\" srcset=\"\" sizes=\"(max-width: 1024px) 100vw, 1024px\" data-src=\"https:\/\/binbirgecemasallari.com\/wp-content\/uploads\/2024\/09\/Ademin-Hayvanlar-Diyarindaki-Macerasi-masla-oku-4.webp\" data-srcset=\"https:\/\/binbirgecemasallari.com\/wp-content\/uploads\/2024\/09\/Ademin-Hayvanlar-Diyarindaki-Macerasi-masla-oku-4.webp 1024w, https:\/\/binbirgecemasallari.com\/wp-content\/uploads\/2024\/09\/Ademin-Hayvanlar-Diyarindaki-Macerasi-masla-oku-4-300x300.webp 300w, https:\/\/binbirgecemasallari.com\/wp-content\/uploads\/2024\/09\/Ademin-Hayvanlar-Diyarindaki-Macerasi-masla-oku-4-150x150.webp 150w, https:\/\/binbirgecemasallari.com\/wp-content\/uploads\/2024\/09\/Ademin-Hayvanlar-Diyarindaki-Macerasi-masla-oku-4-768x768.webp 768w, https:\/\/binbirgecemasallari.com\/wp-content\/uploads\/2024\/09\/Ademin-Hayvanlar-Diyarindaki-Macerasi-masla-oku-4-600x600.webp 600w\" \/>\t\t\t\t\t<\/div>\n\t\t\t\t\t<a class=\"wd-fill\" href=\"https:\/\/binbirgecemasallari.com\/masal-oku-adem-hayvanlar-diyarinda\/\"><\/a>\n\t\t\t\t\n\t\t\t\t\t\t\t\t\t\t\t\t<div class=\"wd-post-date wd-style-with-bg\">\n\t\t\t\t<span class=\"post-date-day\">\n\t\t\t\t\t18\t\t\t\t<\/span>\n\t\t\t\t<span class=\"post-date-month\">\n\t\t\t\t\tEyl\t\t\t\t<\/span>\n\t\t\t<\/div>\n\t\t\t\t\t\t\t\t\t<\/div>\n\t\t\n\t\t<div class=\"wd-post-content article-body-container\">\n\t\t\t\n\t\t\t\t\t\t\t<h3 class=\"wd-post-title wd-entities-title title post-title\">\n\t\t\t\t\t<a href=\"https:\/\/binbirgecemasallari.com\/masal-oku-adem-hayvanlar-diyarinda\/\" rel=\"bookmark\">Adem\u2019in Hayvanlar Diyar\u0131ndaki Maceras\u0131<\/a>\n\t\t\t\t<\/h3>\n\t\t\t\n\t\t\t\n\t\t\t\t\t\t\t\n\t\t\t\t\t\t\t\t\t<\/div>\n\t<\/div>\n<\/article>\n\n\t\t\t\t\t\t\t\t\t\t\t\n<article id=\"post-4038\" class=\"wd-post blog-design-masonry blog-post-loop blog-style-bg wd-add-shadow wd-col post-4038 post type-post status-publish format-standard has-post-thumbnail hentry category-isme-ozel-masallar category-2-yas-masallari category-3-yas-masallari category-4-yas-masallari category-5-yas-masallari category-bebek-masallari category-bilim-kurgu-masallari category-fantastik-masallar category-uyku-masallari tag-cocuk-masallari tag-isme-ozel-masal tag-masal-dinle tag-masal-oku tag-uyku-masallari tag-uzay-masallari\">\n\t<div class=\"wd-post-inner article-inner\">\n\t\t\t\t\t<div class=\"wd-post-thumb entry-header\">\n\t\t\t\t\t\t\t\t\t<div class=\"wd-post-img post-img-wrapp\">\n\t\t\t\t\t\t<img width=\"1024\" height=\"1024\" src=\"https:\/\/binbirgecemasallari.com\/wp-content\/themes\/woodmart\/images\/lazy.svg\" class=\"attachment-large size-large\" alt=\"K\u0131van\u00e7\u2019\u0131n B\u00fcy\u00fcl\u00fc Uzay Yolculu\u011fu masal oku dinle\" decoding=\"async\" srcset=\"\" sizes=\"(max-width: 1024px) 100vw, 1024px\" data-src=\"https:\/\/binbirgecemasallari.com\/wp-content\/uploads\/2024\/09\/Kivancin-Buyulu-Uzay-Yolculugu-masal-oku-dinle-1024x1024.png\" data-srcset=\"https:\/\/binbirgecemasallari.com\/wp-content\/uploads\/2024\/09\/Kivancin-Buyulu-Uzay-Yolculugu-masal-oku-dinle-1024x1024.png 1024w, https:\/\/binbirgecemasallari.com\/wp-content\/uploads\/2024\/09\/Kivancin-Buyulu-Uzay-Yolculugu-masal-oku-dinle-300x300.png 300w, https:\/\/binbirgecemasallari.com\/wp-content\/uploads\/2024\/09\/Kivancin-Buyulu-Uzay-Yolculugu-masal-oku-dinle-150x150.png 150w, https:\/\/binbirgecemasallari.com\/wp-content\/uploads\/2024\/09\/Kivancin-Buyulu-Uzay-Yolculugu-masal-oku-dinle-768x768.png 768w, https:\/\/binbirgecemasallari.com\/wp-content\/uploads\/2024\/09\/Kivancin-Buyulu-Uzay-Yolculugu-masal-oku-dinle-600x600.png 600w, https:\/\/binbirgecemasallari.com\/wp-content\/uploads\/2024\/09\/Kivancin-Buyulu-Uzay-Yolculugu-masal-oku-dinle.png 1080w\" \/>\t\t\t\t\t<\/div>\n\t\t\t\t\t<a class=\"wd-fill\" href=\"https:\/\/binbirgecemasallari.com\/masal-oku-kivancin-gezegen-macerasi\/\"><\/a>\n\t\t\t\t\n\t\t\t\t\t\t\t\t\t\t\t\t<div class=\"wd-post-date wd-style-with-bg\">\n\t\t\t\t<span class=\"post-date-day\">\n\t\t\t\t\t18\t\t\t\t<\/span>\n\t\t\t\t<span class=\"post-date-month\">\n\t\t\t\t\tEyl\t\t\t\t<\/span>\n\t\t\t<\/div>\n\t\t\t\t\t\t\t\t\t<\/div>\n\t\t\n\t\t<div class=\"wd-post-content article-body-container\">\n\t\t\t\n\t\t\t\t\t\t\t<h3 class=\"wd-post-title wd-entities-title title post-title\">\n\t\t\t\t\t<a href=\"https:\/\/binbirgecemasallari.com\/masal-oku-kivancin-gezegen-macerasi\/\" rel=\"bookmark\">K\u0131van\u00e7\u2019\u0131n Gezegenler Aras\u0131 Maceras\u0131<\/a>\n\t\t\t\t<\/h3>\n\t\t\t\n\t\t\t\n\t\t\t\t\t\t\t\n\t\t\t\t\t\t\t\t\t<\/div>\n\t<\/div>\n<\/article>\n\n\t\t\t\t\t\t\t\t\t\t\t\n<article id=\"post-4037\" class=\"wd-post blog-design-masonry blog-post-loop blog-style-bg wd-add-shadow wd-col post-4037 post type-post status-publish format-standard has-post-thumbnail hentry category-isme-ozel-masallar category-2-yas-masallari category-3-yas-masallari category-4-yas-masallari category-5-yas-masallari category-6-yas-masallari category-futbol-masallari category-uyku-masallari tag-cocuk-masallari tag-futbol-masallari tag-isme-ozel-masal tag-kardes-hikayesi tag-kardes-masali tag-masal-dinle tag-masal-oku tag-uyku-masallari\">\n\t<div class=\"wd-post-inner article-inner\">\n\t\t\t\t\t<div class=\"wd-post-thumb entry-header\">\n\t\t\t\t\t\t\t\t\t<div class=\"wd-post-img post-img-wrapp\">\n\t\t\t\t\t\t<img width=\"1024\" height=\"1024\" src=\"https:\/\/binbirgecemasallari.com\/wp-content\/themes\/woodmart\/images\/lazy.svg\" class=\"attachment-large size-large\" alt=\"R\u00fczgar ve Pars\u2019\u0131n Fenerbah\u00e7e Maceras\u0131 masal oku\" decoding=\"async\" srcset=\"\" sizes=\"(max-width: 1024px) 100vw, 1024px\" data-src=\"https:\/\/binbirgecemasallari.com\/wp-content\/uploads\/2024\/09\/Ruzgar-ve-Parsin-Fenerbahce-Macerasi-masal-oku-5-1024x1024.png\" data-srcset=\"https:\/\/binbirgecemasallari.com\/wp-content\/uploads\/2024\/09\/Ruzgar-ve-Parsin-Fenerbahce-Macerasi-masal-oku-5-1024x1024.png 1024w, https:\/\/binbirgecemasallari.com\/wp-content\/uploads\/2024\/09\/Ruzgar-ve-Parsin-Fenerbahce-Macerasi-masal-oku-5-300x300.png 300w, https:\/\/binbirgecemasallari.com\/wp-content\/uploads\/2024\/09\/Ruzgar-ve-Parsin-Fenerbahce-Macerasi-masal-oku-5-150x150.png 150w, https:\/\/binbirgecemasallari.com\/wp-content\/uploads\/2024\/09\/Ruzgar-ve-Parsin-Fenerbahce-Macerasi-masal-oku-5-768x768.png 768w, https:\/\/binbirgecemasallari.com\/wp-content\/uploads\/2024\/09\/Ruzgar-ve-Parsin-Fenerbahce-Macerasi-masal-oku-5-600x600.png 600w, https:\/\/binbirgecemasallari.com\/wp-content\/uploads\/2024\/09\/Ruzgar-ve-Parsin-Fenerbahce-Macerasi-masal-oku-5.png 1080w\" \/>\t\t\t\t\t<\/div>\n\t\t\t\t\t<a class=\"wd-fill\" href=\"https:\/\/binbirgecemasallari.com\/masal-oku-ruzgar-ve-parsin-futbol-macerasi\/\"><\/a>\n\t\t\t\t\n\t\t\t\t\t\t\t\t\t\t\t\t<div class=\"wd-post-date wd-style-with-bg\">\n\t\t\t\t<span class=\"post-date-day\">\n\t\t\t\t\t18\t\t\t\t<\/span>\n\t\t\t\t<span class=\"post-date-month\">\n\t\t\t\t\tEyl\t\t\t\t<\/span>\n\t\t\t<\/div>\n\t\t\t\t\t\t\t\t\t<\/div>\n\t\t\n\t\t<div class=\"wd-post-content article-body-container\">\n\t\t\t\n\t\t\t\t\t\t\t<h3 class=\"wd-post-title wd-entities-title title post-title\">\n\t\t\t\t\t<a href=\"https:\/\/binbirgecemasallari.com\/masal-oku-ruzgar-ve-parsin-futbol-macerasi\/\" rel=\"bookmark\">R\u00fczgar ve Pars\u2019\u0131n Fenerbah\u00e7e Maceras\u0131<\/a>\n\t\t\t\t<\/h3>\n\t\t\t\n\t\t\t\n\t\t\t\t\t\t\t\n\t\t\t\t\t\t\t\t\t<\/div>\n\t<\/div>\n<\/article>\n\n\t\t\t\t\t\t\t\t\t\t\t\n<article id=\"post-4036\" class=\"wd-post blog-design-masonry blog-post-loop blog-style-bg wd-add-shadow wd-col post-4036 post type-post status-publish format-standard has-post-thumbnail hentry category-isme-ozel-masallar category-2-yas-masallari category-3-yas-masallari category-4-yas-masallari category-5-yas-masallari category-bebek-masallari category-bilim-kurgu-masallari category-fantastik-masallar category-uyku-masallari tag-cocuk-masallari tag-isme-ozel-masal tag-masal-dinle tag-masal-oku tag-uyku-masallari tag-uzay-masallari\">\n\t<div class=\"wd-post-inner article-inner\">\n\t\t\t\t\t<div class=\"wd-post-thumb entry-header\">\n\t\t\t\t\t\t\t\t\t<div class=\"wd-post-img post-img-wrapp\">\n\t\t\t\t\t\t<img width=\"1024\" height=\"1024\" src=\"https:\/\/binbirgecemasallari.com\/wp-content\/themes\/woodmart\/images\/lazy.svg\" class=\"attachment-large size-large\" alt=\"Kerim Asaf\u2019\u0131n Uzay Maceras\u0131 masal oku\" decoding=\"async\" srcset=\"\" sizes=\"(max-width: 1024px) 100vw, 1024px\" data-src=\"https:\/\/binbirgecemasallari.com\/wp-content\/uploads\/2024\/09\/Kerim-Asafin-Uzay-Macerasi-masal-oku-3.webp\" data-srcset=\"https:\/\/binbirgecemasallari.com\/wp-content\/uploads\/2024\/09\/Kerim-Asafin-Uzay-Macerasi-masal-oku-3.webp 1024w, https:\/\/binbirgecemasallari.com\/wp-content\/uploads\/2024\/09\/Kerim-Asafin-Uzay-Macerasi-masal-oku-3-300x300.webp 300w, https:\/\/binbirgecemasallari.com\/wp-content\/uploads\/2024\/09\/Kerim-Asafin-Uzay-Macerasi-masal-oku-3-150x150.webp 150w, https:\/\/binbirgecemasallari.com\/wp-content\/uploads\/2024\/09\/Kerim-Asafin-Uzay-Macerasi-masal-oku-3-768x768.webp 768w, https:\/\/binbirgecemasallari.com\/wp-content\/uploads\/2024\/09\/Kerim-Asafin-Uzay-Macerasi-masal-oku-3-600x600.webp 600w\" \/>\t\t\t\t\t<\/div>\n\t\t\t\t\t<a class=\"wd-fill\" href=\"https:\/\/binbirgecemasallari.com\/masal-oku-kerim-asafin-uzay-macerasi\/\"><\/a>\n\t\t\t\t\n\t\t\t\t\t\t\t\t\t\t\t\t<div class=\"wd-post-date wd-style-with-bg\">\n\t\t\t\t<span class=\"post-date-day\">\n\t\t\t\t\t18\t\t\t\t<\/span>\n\t\t\t\t<span class=\"post-date-month\">\n\t\t\t\t\tEyl\t\t\t\t<\/span>\n\t\t\t<\/div>\n\t\t\t\t\t\t\t\t\t<\/div>\n\t\t\n\t\t<div class=\"wd-post-content article-body-container\">\n\t\t\t\n\t\t\t\t\t\t\t<h3 class=\"wd-post-title wd-entities-title title post-title\">\n\t\t\t\t\t<a href=\"https:\/\/binbirgecemasallari.com\/masal-oku-kerim-asafin-uzay-macerasi\/\" rel=\"bookmark\">Kerim Asaf\u2019\u0131n Uzay Maceras\u0131<\/a>\n\t\t\t\t<\/h3>\n\t\t\t\n\t\t\t\n\t\t\t\t\t\t\t\n\t\t\t\t\t\t\t\t\t<\/div>\n\t<\/div>\n<\/article>\n\n\t\t\t\t\t\t\t\t\t\t\t\n<article id=\"post-4029\" class=\"wd-post blog-design-masonry blog-post-loop blog-style-bg wd-add-shadow wd-col post-4029 post type-post status-publish format-standard has-post-thumbnail hentry category-isme-ozel-masallar category-2-yas-masallari category-3-yas-masallari category-4-yas-masallari category-bebek-masallari category-fantastik-masallar category-uyku-masallari tag-cocuk-masallari tag-hayvan-masali tag-isme-ozel-masal tag-masal-dinle tag-masal-oku tag-uyku-masallari\">\n\t<div class=\"wd-post-inner article-inner\">\n\t\t\t\t\t<div class=\"wd-post-thumb entry-header\">\n\t\t\t\t\t\t\t\t\t<div class=\"wd-post-img post-img-wrapp\">\n\t\t\t\t\t\t<img width=\"1024\" height=\"1024\" src=\"https:\/\/binbirgecemasallari.com\/wp-content\/themes\/woodmart\/images\/lazy.svg\" class=\"attachment-large size-large\" alt=\"Tuna ve B\u00fcy\u00fcl\u00fc Tav\u015fan Diyar\u0131 masal oku\" decoding=\"async\" srcset=\"\" sizes=\"(max-width: 1024px) 100vw, 1024px\" data-src=\"https:\/\/binbirgecemasallari.com\/wp-content\/uploads\/2024\/09\/Tuna-ve-Buyulu-Tavsan-Diyari-masal-oku-2.webp\" data-srcset=\"https:\/\/binbirgecemasallari.com\/wp-content\/uploads\/2024\/09\/Tuna-ve-Buyulu-Tavsan-Diyari-masal-oku-2.webp 1024w, https:\/\/binbirgecemasallari.com\/wp-content\/uploads\/2024\/09\/Tuna-ve-Buyulu-Tavsan-Diyari-masal-oku-2-300x300.webp 300w, https:\/\/binbirgecemasallari.com\/wp-content\/uploads\/2024\/09\/Tuna-ve-Buyulu-Tavsan-Diyari-masal-oku-2-150x150.webp 150w, https:\/\/binbirgecemasallari.com\/wp-content\/uploads\/2024\/09\/Tuna-ve-Buyulu-Tavsan-Diyari-masal-oku-2-768x768.webp 768w, https:\/\/binbirgecemasallari.com\/wp-content\/uploads\/2024\/09\/Tuna-ve-Buyulu-Tavsan-Diyari-masal-oku-2-600x600.webp 600w\" \/>\t\t\t\t\t<\/div>\n\t\t\t\t\t<a class=\"wd-fill\" href=\"https:\/\/binbirgecemasallari.com\/masal-oku-tuna-ve-buyulu-tavsan-diyari\/\"><\/a>\n\t\t\t\t\n\t\t\t\t\t\t\t\t\t\t\t\t<div class=\"wd-post-date wd-style-with-bg\">\n\t\t\t\t<span class=\"post-date-day\">\n\t\t\t\t\t17\t\t\t\t<\/span>\n\t\t\t\t<span class=\"post-date-month\">\n\t\t\t\t\tEyl\t\t\t\t<\/span>\n\t\t\t<\/div>\n\t\t\t\t\t\t\t\t\t<\/div>\n\t\t\n\t\t<div class=\"wd-post-content article-body-container\">\n\t\t\t\n\t\t\t\t\t\t\t<h3 class=\"wd-post-title wd-entities-title title post-title\">\n\t\t\t\t\t<a href=\"https:\/\/binbirgecemasallari.com\/masal-oku-tuna-ve-buyulu-tavsan-diyari\/\" rel=\"bookmark\">Tuna ve B\u00fcy\u00fcl\u00fc Tav\u015fan Diyar\u0131<\/a>\n\t\t\t\t<\/h3>\n\t\t\t\n\t\t\t\n\t\t\t\t\t\t\t\n\t\t\t\t\t\t\t\t\t<\/div>\n\t<\/div>\n<\/article>\n\n\t\t\t\t\t\n\t\t\t\t\t","status":"have-posts","nextPage":"https:\/\/binbirgecemasallari.com\/tum-masallar\/page\/10\/?woo_ajax=1","currentPage":"https:\/\/binbirgecemasallari.com\/tum-masallar\/page\/9"}